{"id":5347,"date":"2023-01-19T12:29:11","date_gmt":"2023-01-19T11:29:11","guid":{"rendered":"https:\/\/fedetenismurcia.com\/?p=5347"},"modified":"2023-01-19T12:29:17","modified_gmt":"2023-01-19T11:29:17","slug":"jornada-de-formacion-para-los-tecnicos-de-los-clubes-de-la-ftrm","status":"publish","type":"post","link":"https:\/\/fedetenismurcia.com\/?p=5347","title":{"rendered":"Jornada de formaci\u00f3n para los t\u00e9cnicos de los clubes de la FTRM"},"content":{"rendered":"\n<p>La Federaci\u00f3n de Tenis de la Regi\u00f3n de Murcia, llevar\u00e1 a cabo el pr\u00f3ximo s\u00e1bado 28 de Enero en el CAR Infanta Cristina de los Narejos, una jornada de formaci\u00f3n para los t\u00e9cnicos de los clubes de la Federaci\u00f3n de Tenis de la Regi\u00f3n de Murcia.<\/p>\n<p>La charla tratar\u00e1 sobre las bases neurofisiol\u00f3gicas y biomec\u00e1nicas del entrenamiento del Tenis y ser\u00e1 impartida por el profesor de la Universidad de Murcia, D. Pedro Luis Rodr\u00edguez Garc\u00eda, Doctor en Ciencias de la Actividad F\u00edsica y el Deporte.\u00a0<\/p>\n<p>La asistencia ser\u00e1 gratuita y la \u00fanica condici\u00f3n ser\u00e1 la <a href=\"https:\/\/fedetenismurcia.com\/cursos-nivel-i\/\" target=\"_blank\" rel=\"noopener\">inscripci\u00f3n<\/a> a trav\u00e9s de la web de la FTRM y la\u00a0hora de comienzo ser\u00e1 a las 17.30<\/p>\n\n\n\n<div class=\"wp-block-image\"><figure class=\"aligncenter size-large\"><a href=\"https:\/\/fedetenismurcia.com\/cursos-nivel-i\/\" target=\"_blank\" rel=\"noopener\"><img decoding=\"async\" src=\"https:\/\/fedetenismurcia.com\/wp-content\/uploads\/2020\/documentos\/docencia\/2022-2023\/charla%20Pedro%20Luis.jpg?_t=1674127024\" alt=\"\"\/><\/a><\/figure><\/div>\n","protected":false},"excerpt":{"rendered":"La Federaci\u00f3n de Tenis de la Regi\u00f3n de Murcia, llevar\u00e1 a cabo el pr\u00f3ximo s\u00e1bado 28 de Enero en el CAR Infanta Cristina de los Narejos, una jornada de formaci\u00f3n...","protected":false},"author":1,"featured_media":0,"comment_status":"closed","ping_status":"closed","sticky":false,"template":"","format":"standard","meta":{"footnotes":""},"categories":[40],"tags":[],"class_list":["post-5347","post","type-post","status-publish","format-standard","category-docencia"],"featured_media_src":null,"excerpt_plain":"La Federaci\u00f3n de Tenis de la Regi\u00f3n de Murcia, llevar\u00e1 a cabo el pr\u00f3ximo s\u00e1bado 28 de Enero en el...","_links":{"self":[{"href":"https:\/\/fedetenismurcia.com\/index.php?rest_route=\/wp\/v2\/posts\/5347","targetHints":{"allow":["GET"]}}],"collection":[{"href":"https:\/\/fedetenismurcia.com\/index.php?rest_route=\/wp\/v2\/posts"}],"about":[{"href":"https:\/\/fedetenismurcia.com\/index.php?rest_route=\/wp\/v2\/types\/post"}],"author":[{"embeddable":true,"href":"https:\/\/fedetenismurcia.com\/index.php?rest_route=\/wp\/v2\/users\/1"}],"replies":[{"embeddable":true,"href":"https:\/\/fedetenismurcia.com\/index.php?rest_route=%2Fwp%2Fv2%2Fcomments&post=5347"}],"version-history":[{"count":0,"href":"https:\/\/fedetenismurcia.com\/index.php?rest_route=\/wp\/v2\/posts\/5347\/revisions"}],"wp:attachment":[{"href":"https:\/\/fedetenismurcia.com\/index.php?rest_route=%2Fwp%2Fv2%2Fmedia&parent=5347"}],"wp:term":[{"taxonomy":"category","embeddable":true,"href":"https:\/\/fedetenismurcia.com\/index.php?rest_route=%2Fwp%2Fv2%2Fcategories&post=5347"},{"taxonomy":"post_tag","embeddable":true,"href":"https:\/\/fedetenismurcia.com\/index.php?rest_route=%2Fwp%2Fv2%2Ftags&post=5347"}],"curies":[{"name":"wp","href":"https:\/\/api.w.org\/{rel}","templated":true}]}}