{"id":5508,"date":"2023-02-27T08:43:55","date_gmt":"2023-02-27T07:43:55","guid":{"rendered":"https:\/\/fedetenismurcia.com\/?p=5508"},"modified":"2023-02-27T08:44:00","modified_gmt":"2023-02-27T07:44:00","slug":"finaliza-la-primera-fase-del-circuito-promesa","status":"publish","type":"post","link":"https:\/\/fedetenismurcia.com\/?p=5508","title":{"rendered":"Finaliza la primera fase del Circuito Promesa"},"content":{"rendered":"\n<p>Ha finalizado la primera fase del XXXIX Circuito Promesas de la Federaci\u00f3n de Tenis de la Regi\u00f3n de Murcia que se ha desarrollado en el Club Deportivo Cordillera y en el Club de Tenis Cieza.<\/p>\n<p>Los finalistas han sido los siguientes:<\/p>\n<ul style=\"list-style-type: circle;\">\n<li>Categor\u00eda benjam\u00edn. Subcampe\u00f3n: Antonio P\u00e9rez &#8211; Campe\u00f3n: David Chinchilla<\/li>\n<li>Categor\u00eda benjam\u00edn. Subcampeona: Laura \u00c1lvarez &#8211; Campeona: Marta Carpe\u00a0<\/li>\n<li>Categor\u00eda alev\u00edn. Subcampe\u00f3n: Pablo Pignatelli &#8211; Campe\u00f3n: Oscar Jimeno<\/li>\n<li>Categor\u00eda alev\u00edn. Subcampeona: Luc\u00eda Mart\u00ednez &#8211;\u00a0 Campeona: Lorena Va\u00f1o<\/li>\n<li>Categor\u00eda infantil. Subcampe\u00f3n: Luis Nu\u00f1o &#8211; Campe\u00f3n: Jorge Garcer\u00e1n<\/li>\n<li>Categor\u00eda infantil. Subcampeona: Mar\u00eda Jim\u00e9nez &#8211; Campeona: Ana Alcobas<\/li>\n<li>Categor\u00eda cadete. Subcampe\u00f3n: Juan Pedro Alcobas &#8211; Campe\u00f3n: Antonio de la Asunci\u00f3n<\/li>\n<li>Categor\u00eda cadete. Subcampeona: \u00c1ngela Ort\u00edz &#8211; Campeona: Olivia Mart\u00ednez<\/li>\n<li>Categor\u00eda junior. Subcampe\u00f3n: Mart\u00edn Mercader &#8211; Campe\u00f3n: Sergio L\u00f3pez<\/li>\n<li>Categor\u00eda junior. Subcampeona: Sof\u00eda Minaeva &#8211; Campeona: Mar\u00eda Mart\u00ednez<\/li>\n<\/ul>\n\n\n\n<figure class=\"wp-block-image size-large\"><img decoding=\"async\" src=\"https:\/\/fedetenismurcia.com\/wp-content\/uploads\/2020\/documentos\/promesas\/2023\/imagenes\/grupo%20inf%20cade%20y%20jun.jpg?_t=1677440503\" alt=\"\"\/><figcaption>Finalistas categor\u00edas infantil, cadete y junior<\/figcaption><\/figure>\n\n\n\n<figure class=\"wp-block-image size-large\"><img decoding=\"async\" src=\"https:\/\/fedetenismurcia.com\/wp-content\/uploads\/2020\/documentos\/promesas\/2023\/imagenes\/grupo%20ale%20y%20ben.jpg?_t=1677440545\" alt=\"\"\/><figcaption>Finalistas categor\u00eda benjam\u00edn y alev\u00edn<\/figcaption><\/figure>\n","protected":false},"excerpt":{"rendered":"Ha finalizado la primera fase del XXXIX Circuito Promesas de la Federaci\u00f3n de Tenis de la Regi\u00f3n de Murcia que se ha desarrollado en el Club Deportivo Cordillera y en...","protected":false},"author":1,"featured_media":0,"comment_status":"closed","ping_status":"closed","sticky":false,"template":"","format":"standard","meta":{"footnotes":""},"categories":[49,1],"tags":[],"class_list":["post-5508","post","type-post","status-publish","format-standard","category-circuito-promesas","category-sin-categoria"],"featured_media_src":null,"excerpt_plain":"Ha finalizado la primera fase del XXXIX Circuito Promesas de la Federaci\u00f3n de Tenis de la Regi\u00f3n de Murcia que...","_links":{"self":[{"href":"https:\/\/fedetenismurcia.com\/index.php?rest_route=\/wp\/v2\/posts\/5508","targetHints":{"allow":["GET"]}}],"collection":[{"href":"https:\/\/fedetenismurcia.com\/index.php?rest_route=\/wp\/v2\/posts"}],"about":[{"href":"https:\/\/fedetenismurcia.com\/index.php?rest_route=\/wp\/v2\/types\/post"}],"author":[{"embeddable":true,"href":"https:\/\/fedetenismurcia.com\/index.php?rest_route=\/wp\/v2\/users\/1"}],"replies":[{"embeddable":true,"href":"https:\/\/fedetenismurcia.com\/index.php?rest_route=%2Fwp%2Fv2%2Fcomments&post=5508"}],"version-history":[{"count":0,"href":"https:\/\/fedetenismurcia.com\/index.php?rest_route=\/wp\/v2\/posts\/5508\/revisions"}],"wp:attachment":[{"href":"https:\/\/fedetenismurcia.com\/index.php?rest_route=%2Fwp%2Fv2%2Fmedia&parent=5508"}],"wp:term":[{"taxonomy":"category","embeddable":true,"href":"https:\/\/fedetenismurcia.com\/index.php?rest_route=%2Fwp%2Fv2%2Fcategories&post=5508"},{"taxonomy":"post_tag","embeddable":true,"href":"https:\/\/fedetenismurcia.com\/index.php?rest_route=%2Fwp%2Fv2%2Ftags&post=5508"}],"curies":[{"name":"wp","href":"https:\/\/api.w.org\/{rel}","templated":true}]}}