{"id":5645,"date":"2023-03-28T12:30:59","date_gmt":"2023-03-28T10:30:59","guid":{"rendered":"https:\/\/fedetenismurcia.com\/?p=5645"},"modified":"2023-03-28T12:31:05","modified_gmt":"2023-03-28T10:31:05","slug":"fase-regional-clasificatoria-para-el-campeonato-de-espana-de-ccaa-de-veteranos","status":"publish","type":"post","link":"https:\/\/fedetenismurcia.com\/?p=5645","title":{"rendered":"Fase Regional clasificatoria para el Campeonato de Espa\u00f1a de CCAA de Veteranos."},"content":{"rendered":"\n<p>La Federaci\u00f3n de Tenis de la Regi\u00f3n de Murcia, abre el plazo de inscripci\u00f3n del Campeonato de Veteranos\/as Individual en las categor\u00edas +45, +55 y +65, clasificatorio para el Campeonato de Espa\u00f1a de Comunidades Aut\u00f3nomas de Veteranos\/as.<\/p>\n<p>La fase regional se disputar\u00e1 en el Club de Tenis Cartagena del 22 al 30 de Abril de 2023<\/p>\n<p>La fase final se disputar\u00e1 en Palma de Mallorca del 18 al 21 de Mayo de 2023<\/p>\n<p>El campe\u00f3n\/a de cada categor\u00eda de la fase regional, obtendr\u00e1n la plaza para representar a la Federaci\u00f3n de Tenis de la Regi\u00f3n de Murcia.<\/p>\n<p>La inscripci\u00f3n se realizar\u00e1 en: <a href=\"https:\/\/fedetenismurcia.com\/individuales-veteranos-as\/\">https:\/\/fedetenismurcia.com\/individuales-veteranos-as\/<\/a><\/p>\n\n\n\n<div class=\"wp-block-image\"><figure class=\"aligncenter size-large\"><a href=\"https:\/\/fedetenismurcia.com\/individuales-veteranos-as\/\" target=\"_blank\" rel=\"noopener\"><img decoding=\"async\" src=\"https:\/\/fedetenismurcia.com\/wp-content\/uploads\/2020\/documentos\/regionales\/regionales%20individuales\/2023\/veteranos%20ccaa\/cartel.jpg?_t=1679999412\" alt=\"\"\/><\/a><\/figure><\/div>\n","protected":false},"excerpt":{"rendered":"La Federaci\u00f3n de Tenis de la Regi\u00f3n de Murcia, abre el plazo de inscripci\u00f3n del Campeonato de Veteranos\/as Individual en las categor\u00edas +45, +55 y +65, clasificatorio para el Campeonato...","protected":false},"author":1,"featured_media":0,"comment_status":"closed","ping_status":"closed","sticky":false,"template":"","format":"standard","meta":{"footnotes":""},"categories":[1],"tags":[],"class_list":["post-5645","post","type-post","status-publish","format-standard","category-sin-categoria"],"featured_media_src":null,"excerpt_plain":"La Federaci\u00f3n de Tenis de la Regi\u00f3n de Murcia, abre el plazo de inscripci\u00f3n del Campeonato de Veteranos\/as Individual en...","_links":{"self":[{"href":"https:\/\/fedetenismurcia.com\/index.php?rest_route=\/wp\/v2\/posts\/5645","targetHints":{"allow":["GET"]}}],"collection":[{"href":"https:\/\/fedetenismurcia.com\/index.php?rest_route=\/wp\/v2\/posts"}],"about":[{"href":"https:\/\/fedetenismurcia.com\/index.php?rest_route=\/wp\/v2\/types\/post"}],"author":[{"embeddable":true,"href":"https:\/\/fedetenismurcia.com\/index.php?rest_route=\/wp\/v2\/users\/1"}],"replies":[{"embeddable":true,"href":"https:\/\/fedetenismurcia.com\/index.php?rest_route=%2Fwp%2Fv2%2Fcomments&post=5645"}],"version-history":[{"count":0,"href":"https:\/\/fedetenismurcia.com\/index.php?rest_route=\/wp\/v2\/posts\/5645\/revisions"}],"wp:attachment":[{"href":"https:\/\/fedetenismurcia.com\/index.php?rest_route=%2Fwp%2Fv2%2Fmedia&parent=5645"}],"wp:term":[{"taxonomy":"category","embeddable":true,"href":"https:\/\/fedetenismurcia.com\/index.php?rest_route=%2Fwp%2Fv2%2Fcategories&post=5645"},{"taxonomy":"post_tag","embeddable":true,"href":"https:\/\/fedetenismurcia.com\/index.php?rest_route=%2Fwp%2Fv2%2Ftags&post=5645"}],"curies":[{"name":"wp","href":"https:\/\/api.w.org\/{rel}","templated":true}]}}