{"id":5701,"date":"2023-04-17T10:37:18","date_gmt":"2023-04-17T08:37:18","guid":{"rendered":"https:\/\/fedetenismurcia.com\/?p=5701"},"modified":"2023-04-17T10:41:34","modified_gmt":"2023-04-17T08:41:34","slug":"abierto-el-plazo-de-inscripcion-del-campeonato-regional-individual-y-dobles-alevin-y-cadete","status":"publish","type":"post","link":"https:\/\/fedetenismurcia.com\/?p=5701","title":{"rendered":"Abierto el plazo de inscripci\u00f3n del Campeonato Regional Individual y Dobles Alev\u00edn y Cadete"},"content":{"rendered":"\n<p>La Federaci\u00f3n de Tenis de la Regi\u00f3n de Murcia, ha abierto los plazos de inscripci\u00f3n de los Campeonatos Regionales Individuales en las categor\u00edas Alev\u00edn y Cadete.<\/p>\n<p>Ambos campeonatos son clasificatorios para sus respectivos Campeonatos de Espa\u00f1a.<\/p>\n<p>El Campeonato Regional Alev\u00edn, se celebrar\u00e1 en la Real Sociedad Club de Campo de Murcia del 5 al 14 de Mayo de 2023. El l\u00edmite de inscripci\u00f3n ser\u00e1 el jueves 27 de abril a las 14 horas de 2023. El Campeonato de Espa\u00f1a Alev\u00edn, se celebrar\u00e1 en la Emilio S\u00e1nchez Academy (Barcelona) a partir del 18 de Junio.\u00a0<\/p>\n<p>Ambos campeonatos son clasificatorios para sus respectivos Campeonatos de Espa\u00f1a.<\/p>\n<p>El Campeonato Regional Cadete, se celebrar\u00e1 en el Club de Tenis Totana del 5 al 14 de Mayo de 2023. El l\u00edmite de inscripci\u00f3n ser\u00e1 el jueves 27 de abril a las 14 horas de 2023. El Campeonato de Espa\u00f1a Cadete, se celebrar\u00e1 en el Club Tennis Vic, (Vic) a partir del 19 de Junio.\u00a0<\/p>\n<p>La inscripci\u00f3n a los Campeonatos Regionales individuales, se puede realizar en: <a href=\"https:\/\/fedetenismurcia.com\/individuales-juveniles\/\" target=\"_blank\" rel=\"noopener\">https:\/\/fedetenismurcia.com\/individuales-juveniles\/<\/a><\/p>\n<table class=\" aligncenter\" style=\"width: 54.7619%; border-collapse: collapse; border-style: none; height: 313px;\">\n<tbody>\n<tr>\n<td style=\"width: 50%; border-style: none; text-align: center; vertical-align: middle;\"><a href=\"https:\/\/fedetenismurcia.com\/wp-content\/uploads\/2020\/documentos\/regionales\/regionales%20individuales\/2023\/alevin\/cartel%20alevin.jpg?_t=1681720802\" target=\"_blank\" rel=\"noopener\"><img loading=\"lazy\" decoding=\"async\" class=\"alignnone size-medium wp-image-5363\" src=\"https:\/\/fedetenismurcia.com\/wp-content\/uploads\/2023\/01\/cartel-alevin-225x300.jpg\" alt=\"\" width=\"225\" height=\"300\" \/><\/a><\/td>\n<td style=\"width: 50%; border-style: none; text-align: center; vertical-align: middle;\"><a href=\"https:\/\/fedetenismurcia.com\/wp-content\/uploads\/2020\/documentos\/regionales\/regionales%20individuales\/2023\/cadete\/cartel%20cadete.jpg?_t=1681720814\" target=\"_blank\" rel=\"noopener\"><img loading=\"lazy\" decoding=\"async\" class=\"alignnone size-medium wp-image-5368\" src=\"https:\/\/fedetenismurcia.com\/wp-content\/uploads\/2023\/01\/cartel-cadete-225x300.jpg\" alt=\"\" width=\"225\" height=\"300\" \/><\/a><\/td>\n<\/tr>\n<\/tbody>\n<\/table>\n\n\n\n<p class=\"wp-block-paragraph\"><\/p>\n","protected":false},"excerpt":{"rendered":"La Federaci\u00f3n de Tenis de la Regi\u00f3n de Murcia, ha abierto los plazos de inscripci\u00f3n de los Campeonatos Regionales Individuales en las categor\u00edas Alev\u00edn y Cadete. Ambos campeonatos son clasificatorios...","protected":false},"author":1,"featured_media":0,"comment_status":"closed","ping_status":"closed","sticky":false,"template":"","format":"standard","meta":{"footnotes":""},"categories":[37],"tags":[],"class_list":["post-5701","post","type-post","status-publish","format-standard","category-regionales-juveniles-individuales"],"featured_media_src":null,"excerpt_plain":"La Federaci\u00f3n de Tenis de la Regi\u00f3n de Murcia, ha abierto los plazos de inscripci\u00f3n de los Campeonatos Regionales Individuales...","_links":{"self":[{"href":"https:\/\/fedetenismurcia.com\/index.php?rest_route=\/wp\/v2\/posts\/5701","targetHints":{"allow":["GET"]}}],"collection":[{"href":"https:\/\/fedetenismurcia.com\/index.php?rest_route=\/wp\/v2\/posts"}],"about":[{"href":"https:\/\/fedetenismurcia.com\/index.php?rest_route=\/wp\/v2\/types\/post"}],"author":[{"embeddable":true,"href":"https:\/\/fedetenismurcia.com\/index.php?rest_route=\/wp\/v2\/users\/1"}],"replies":[{"embeddable":true,"href":"https:\/\/fedetenismurcia.com\/index.php?rest_route=%2Fwp%2Fv2%2Fcomments&post=5701"}],"version-history":[{"count":0,"href":"https:\/\/fedetenismurcia.com\/index.php?rest_route=\/wp\/v2\/posts\/5701\/revisions"}],"wp:attachment":[{"href":"https:\/\/fedetenismurcia.com\/index.php?rest_route=%2Fwp%2Fv2%2Fmedia&parent=5701"}],"wp:term":[{"taxonomy":"category","embeddable":true,"href":"https:\/\/fedetenismurcia.com\/index.php?rest_route=%2Fwp%2Fv2%2Fcategories&post=5701"},{"taxonomy":"post_tag","embeddable":true,"href":"https:\/\/fedetenismurcia.com\/index.php?rest_route=%2Fwp%2Fv2%2Ftags&post=5701"}],"curies":[{"name":"wp","href":"https:\/\/api.w.org\/{rel}","templated":true}]}}