{"id":6277,"date":"2023-09-14T13:47:33","date_gmt":"2023-09-14T11:47:33","guid":{"rendered":"https:\/\/fedetenismurcia.com\/?p=6277"},"modified":"2023-09-14T13:47:37","modified_gmt":"2023-09-14T11:47:37","slug":"campeonato-regional-individual-benjamin","status":"publish","type":"post","link":"https:\/\/fedetenismurcia.com\/?p=6277","title":{"rendered":"Campeonato Regional Individual Benjam\u00edn"},"content":{"rendered":"\n<p>La Federaci\u00f3n de Tenis de la Regi\u00f3n de Murcia, abre la inscripci\u00f3n del Campeonato Regional Benjam\u00edn Individual. Tendr\u00e1 fase final y fase de consolaci\u00f3n.<\/p>\n<p>El Campeonato Regional, se celebrar\u00e1 en las instalaciones del Yecla Club de Tenis del 30 de Septiembre al 8 de Octubre.\u00a0\u00a0<\/p>\n<p>La inscripci\u00f3n permanecer\u00e1 abierta hasta el 21 de Septiembre a las 14 horas y se puede realizar en la secci\u00f3n de <a href=\"https:\/\/fedetenismurcia.com\/individuales-juveniles\/\" target=\"_blank\" rel=\"noopener\">Regionales Individuales<\/a><\/p>\n\n\n\n<div class=\"wp-block-image\"><figure class=\"aligncenter size-large is-resized\"><a href=\"https:\/\/fedetenismurcia.com\/wp-content\/uploads\/2020\/documentos\/regionales\/regionales%20individuales\/2023\/benjamin\/cartel%20benjamin.jpg?_t=1688657789\" target=\"_blank\" rel=\"noopener\"><img loading=\"lazy\" decoding=\"async\" src=\"https:\/\/fedetenismurcia.com\/wp-content\/uploads\/2020\/documentos\/regionales\/regionales%20individuales\/2023\/benjamin\/cartel%20benjamin.jpg?_t=1688657789\" alt=\"\" width=\"380\" height=\"506\"\/><\/a><\/figure><\/div>\n","protected":false},"excerpt":{"rendered":"La Federaci\u00f3n de Tenis de la Regi\u00f3n de Murcia, abre la inscripci\u00f3n del Campeonato Regional Benjam\u00edn Individual. Tendr\u00e1 fase final y fase de consolaci\u00f3n. El Campeonato Regional, se celebrar\u00e1 en...","protected":false},"author":1,"featured_media":0,"comment_status":"closed","ping_status":"closed","sticky":false,"template":"","format":"standard","meta":{"footnotes":""},"categories":[37],"tags":[],"class_list":["post-6277","post","type-post","status-publish","format-standard","category-regionales-juveniles-individuales"],"featured_media_src":null,"excerpt_plain":"La Federaci\u00f3n de Tenis de la Regi\u00f3n de Murcia, abre la inscripci\u00f3n del Campeonato Regional Benjam\u00edn Individual. Tendr\u00e1 fase final...","_links":{"self":[{"href":"https:\/\/fedetenismurcia.com\/index.php?rest_route=\/wp\/v2\/posts\/6277","targetHints":{"allow":["GET"]}}],"collection":[{"href":"https:\/\/fedetenismurcia.com\/index.php?rest_route=\/wp\/v2\/posts"}],"about":[{"href":"https:\/\/fedetenismurcia.com\/index.php?rest_route=\/wp\/v2\/types\/post"}],"author":[{"embeddable":true,"href":"https:\/\/fedetenismurcia.com\/index.php?rest_route=\/wp\/v2\/users\/1"}],"replies":[{"embeddable":true,"href":"https:\/\/fedetenismurcia.com\/index.php?rest_route=%2Fwp%2Fv2%2Fcomments&post=6277"}],"version-history":[{"count":0,"href":"https:\/\/fedetenismurcia.com\/index.php?rest_route=\/wp\/v2\/posts\/6277\/revisions"}],"wp:attachment":[{"href":"https:\/\/fedetenismurcia.com\/index.php?rest_route=%2Fwp%2Fv2%2Fmedia&parent=6277"}],"wp:term":[{"taxonomy":"category","embeddable":true,"href":"https:\/\/fedetenismurcia.com\/index.php?rest_route=%2Fwp%2Fv2%2Fcategories&post=6277"},{"taxonomy":"post_tag","embeddable":true,"href":"https:\/\/fedetenismurcia.com\/index.php?rest_route=%2Fwp%2Fv2%2Ftags&post=6277"}],"curies":[{"name":"wp","href":"https:\/\/api.w.org\/{rel}","templated":true}]}}