{"id":6544,"date":"2023-11-08T12:31:02","date_gmt":"2023-11-08T11:31:02","guid":{"rendered":"https:\/\/fedetenismurcia.com\/?p=6544"},"modified":"2023-11-08T12:33:12","modified_gmt":"2023-11-08T11:33:12","slug":"nueva-edicion-del-pequetenis","status":"publish","type":"post","link":"https:\/\/fedetenismurcia.com\/?p=6544","title":{"rendered":"Nueva edici\u00f3n del PEQUETENIS"},"content":{"rendered":"\n<p>La Federaci\u00f3n de Tenis de la Regi\u00f3n de Murcia, va a realizar una nueva prueba del PEQUETENIS. En esta ocasi\u00f3n, ser\u00e1 en las instalaciones del Club Deportivo Cordillera el s\u00e1bado 2 de diciembre. El plazo l\u00edmite de inscripci\u00f3n ser\u00e1 el 28 de noviembre y las plazas son limitadas.<\/p>\n<p>La inscripci\u00f3n se debe realizar a trav\u00e9s de la web: <a href=\"https:\/\/fedetenismurcia.com\/pequetenis\/\">https:\/\/fedetenismurcia.com\/pequetenis\/<\/a><\/p>\n<p>El PEQUETENIS es una actividad promovida por la Federaci\u00f3n de Tenis de la Regi\u00f3n de Murcia, dentro de la promoci\u00f3n y su apuesta del tenis base. Est\u00e1 dirigida a todos los ni\u00f1os\/as con los siguientes a\u00f1os de nacimiento: 2018, 2017, 2016, 2015 y 2014.<\/p>\n\n\n\n<div class=\"wp-block-image\"><figure class=\"aligncenter size-large is-resized\"><a href=\"https:\/\/fedetenismurcia.com\/pequetenis\/\" target=\"_blank\" rel=\"noopener\"><img loading=\"lazy\" decoding=\"async\" src=\"https:\/\/fedetenismurcia.com\/wp-content\/uploads\/2020\/documentos\/tenis%20base\/pequetenis\/2023\/pequetenis%20diciembre%202023.png?_t=1699351667\" alt=\"\" width=\"516\" height=\"730\"\/><\/a><\/figure><\/div>\n","protected":false},"excerpt":{"rendered":"La Federaci\u00f3n de Tenis de la Regi\u00f3n de Murcia, va a realizar una nueva prueba del PEQUETENIS. En esta ocasi\u00f3n, ser\u00e1 en las instalaciones del Club Deportivo Cordillera el s\u00e1bado...","protected":false},"author":1,"featured_media":0,"comment_status":"closed","ping_status":"closed","sticky":false,"template":"","format":"standard","meta":{"footnotes":""},"categories":[3,65],"tags":[],"class_list":["post-6544","post","type-post","status-publish","format-standard","category-federacion","category-tenis-base"],"featured_media_src":null,"excerpt_plain":"La Federaci\u00f3n de Tenis de la Regi\u00f3n de Murcia, va a realizar una nueva prueba del PEQUETENIS. En esta ocasi\u00f3n,...","_links":{"self":[{"href":"https:\/\/fedetenismurcia.com\/index.php?rest_route=\/wp\/v2\/posts\/6544","targetHints":{"allow":["GET"]}}],"collection":[{"href":"https:\/\/fedetenismurcia.com\/index.php?rest_route=\/wp\/v2\/posts"}],"about":[{"href":"https:\/\/fedetenismurcia.com\/index.php?rest_route=\/wp\/v2\/types\/post"}],"author":[{"embeddable":true,"href":"https:\/\/fedetenismurcia.com\/index.php?rest_route=\/wp\/v2\/users\/1"}],"replies":[{"embeddable":true,"href":"https:\/\/fedetenismurcia.com\/index.php?rest_route=%2Fwp%2Fv2%2Fcomments&post=6544"}],"version-history":[{"count":0,"href":"https:\/\/fedetenismurcia.com\/index.php?rest_route=\/wp\/v2\/posts\/6544\/revisions"}],"wp:attachment":[{"href":"https:\/\/fedetenismurcia.com\/index.php?rest_route=%2Fwp%2Fv2%2Fmedia&parent=6544"}],"wp:term":[{"taxonomy":"category","embeddable":true,"href":"https:\/\/fedetenismurcia.com\/index.php?rest_route=%2Fwp%2Fv2%2Fcategories&post=6544"},{"taxonomy":"post_tag","embeddable":true,"href":"https:\/\/fedetenismurcia.com\/index.php?rest_route=%2Fwp%2Fv2%2Ftags&post=6544"}],"curies":[{"name":"wp","href":"https:\/\/api.w.org\/{rel}","templated":true}]}}