{"id":6744,"date":"2024-01-02T20:46:41","date_gmt":"2024-01-02T19:46:41","guid":{"rendered":"https:\/\/fedetenismurcia.com\/?p=6744"},"modified":"2024-01-02T20:47:05","modified_gmt":"2024-01-02T19:47:05","slug":"elecciones-ftrm-2024","status":"publish","type":"post","link":"https:\/\/fedetenismurcia.com\/?p=6744","title":{"rendered":"Elecciones FTRM 2024"},"content":{"rendered":"\n<p>La Federaci\u00f3n de Tenis de la Regi\u00f3n de Murcia, ha anunciado la pr\u00f3xima\u00a0 Asamblea General Extraordinaria para la convocatoria de elecciones a miembros de la Asamblea. Toda la informaci\u00f3n del proceso, se podr\u00e1 consultar desde hoy 2 de enero de 2024 en: <a href=\"https:\/\/fedetenismurcia.com\/elecciones-ftrm-20241\/\" target=\"_blank\" rel=\"noopener\">https:\/\/fedetenismurcia.com\/elecciones-ftrm-20241\/<\/a><\/p>\n\n\n\n<figure class=\"wp-block-image aligncenter size-large is-resized\"><img decoding=\"async\" src=\"https:\/\/fedetenismurcia.com\/wp-content\/uploads\/2020\/documentos\/elecciones%202024\/LOGO%20Fed%20Tenis%20Murcia%20-%20sin%20fondo%20blanco.png?_t=1704224746\" alt=\"\" style=\"width:307px;height:auto\"\/><\/figure>\n","protected":false},"excerpt":{"rendered":"La Federaci\u00f3n de Tenis de la Regi\u00f3n de Murcia, ha anunciado la pr\u00f3xima\u00a0 Asamblea General Extraordinaria para la convocatoria de elecciones a miembros de la Asamblea. Toda la informaci\u00f3n del...","protected":false},"author":1,"featured_media":0,"comment_status":"closed","ping_status":"closed","sticky":false,"template":"","format":"standard","meta":{"footnotes":""},"categories":[3],"tags":[],"class_list":["post-6744","post","type-post","status-publish","format-standard","category-federacion"],"featured_media_src":null,"excerpt_plain":"La Federaci\u00f3n de Tenis de la Regi\u00f3n de Murcia, ha anunciado la pr\u00f3xima\u00a0 Asamblea General Extraordinaria para la convocatoria de...","_links":{"self":[{"href":"https:\/\/fedetenismurcia.com\/index.php?rest_route=\/wp\/v2\/posts\/6744","targetHints":{"allow":["GET"]}}],"collection":[{"href":"https:\/\/fedetenismurcia.com\/index.php?rest_route=\/wp\/v2\/posts"}],"about":[{"href":"https:\/\/fedetenismurcia.com\/index.php?rest_route=\/wp\/v2\/types\/post"}],"author":[{"embeddable":true,"href":"https:\/\/fedetenismurcia.com\/index.php?rest_route=\/wp\/v2\/users\/1"}],"replies":[{"embeddable":true,"href":"https:\/\/fedetenismurcia.com\/index.php?rest_route=%2Fwp%2Fv2%2Fcomments&post=6744"}],"version-history":[{"count":0,"href":"https:\/\/fedetenismurcia.com\/index.php?rest_route=\/wp\/v2\/posts\/6744\/revisions"}],"wp:attachment":[{"href":"https:\/\/fedetenismurcia.com\/index.php?rest_route=%2Fwp%2Fv2%2Fmedia&parent=6744"}],"wp:term":[{"taxonomy":"category","embeddable":true,"href":"https:\/\/fedetenismurcia.com\/index.php?rest_route=%2Fwp%2Fv2%2Fcategories&post=6744"},{"taxonomy":"post_tag","embeddable":true,"href":"https:\/\/fedetenismurcia.com\/index.php?rest_route=%2Fwp%2Fv2%2Ftags&post=6744"}],"curies":[{"name":"wp","href":"https:\/\/api.w.org\/{rel}","templated":true}]}}