{"id":6841,"date":"2024-01-25T20:11:20","date_gmt":"2024-01-25T19:11:20","guid":{"rendered":"https:\/\/fedetenismurcia.com\/?p=6841"},"modified":"2024-01-25T20:11:25","modified_gmt":"2024-01-25T19:11:25","slug":"xl-circuito-promesas","status":"publish","type":"post","link":"https:\/\/fedetenismurcia.com\/?p=6841","title":{"rendered":"XL CIRCUITO PROMESAS"},"content":{"rendered":"\n<p>Ya estamos a las puertas de la edici\u00f3n n\u00famero 40 del Circuito Promesas de la Federaci\u00f3n de Tenis de la Regi\u00f3n de Murcia. A partir del 24 de febrero, comenzar\u00e1 una nueva edici\u00f3n del Circuito con novedades en en cuanto a las fases y premios a repartir.<\/p>\n<p>En breve os mantendremos informados y abriremos el plazo de inscripci\u00f3n. Os esperamos.<\/p>\n<p><img loading=\"lazy\" decoding=\"async\" class=\"aligncenter size-medium wp-image-1207\" src=\"https:\/\/fedetenismurcia.com\/wp-content\/uploads\/2020\/05\/cropped-ORIGINAL-FTRM-SIN-FONDO-300x300.png\" alt=\"\" width=\"300\" height=\"300\" srcset=\"https:\/\/fedetenismurcia.com\/wp-content\/uploads\/2020\/05\/cropped-ORIGINAL-FTRM-SIN-FONDO-300x300.png 300w, https:\/\/fedetenismurcia.com\/wp-content\/uploads\/2020\/05\/cropped-ORIGINAL-FTRM-SIN-FONDO-150x150.png 150w, https:\/\/fedetenismurcia.com\/wp-content\/uploads\/2020\/05\/cropped-ORIGINAL-FTRM-SIN-FONDO-270x270.png 270w, https:\/\/fedetenismurcia.com\/wp-content\/uploads\/2020\/05\/cropped-ORIGINAL-FTRM-SIN-FONDO-192x192.png 192w, https:\/\/fedetenismurcia.com\/wp-content\/uploads\/2020\/05\/cropped-ORIGINAL-FTRM-SIN-FONDO-180x180.png 180w, https:\/\/fedetenismurcia.com\/wp-content\/uploads\/2020\/05\/cropped-ORIGINAL-FTRM-SIN-FONDO-32x32.png 32w, https:\/\/fedetenismurcia.com\/wp-content\/uploads\/2020\/05\/cropped-ORIGINAL-FTRM-SIN-FONDO.png 512w\" sizes=\"auto, (max-width: 300px) 100vw, 300px\" \/><\/p>\n\n\n\n<p class=\"wp-block-paragraph\"><\/p>\n","protected":false},"excerpt":{"rendered":"Ya estamos a las puertas de la edici\u00f3n n\u00famero 40 del Circuito Promesas de la Federaci\u00f3n de Tenis de la Regi\u00f3n de Murcia. A partir del 24 de febrero, comenzar\u00e1...","protected":false},"author":1,"featured_media":0,"comment_status":"closed","ping_status":"closed","sticky":false,"template":"","format":"standard","meta":{"footnotes":""},"categories":[49],"tags":[],"class_list":["post-6841","post","type-post","status-publish","format-standard","category-circuito-promesas"],"featured_media_src":null,"excerpt_plain":"Ya estamos a las puertas de la edici\u00f3n n\u00famero 40 del Circuito Promesas de la Federaci\u00f3n de Tenis de la...","_links":{"self":[{"href":"https:\/\/fedetenismurcia.com\/index.php?rest_route=\/wp\/v2\/posts\/6841","targetHints":{"allow":["GET"]}}],"collection":[{"href":"https:\/\/fedetenismurcia.com\/index.php?rest_route=\/wp\/v2\/posts"}],"about":[{"href":"https:\/\/fedetenismurcia.com\/index.php?rest_route=\/wp\/v2\/types\/post"}],"author":[{"embeddable":true,"href":"https:\/\/fedetenismurcia.com\/index.php?rest_route=\/wp\/v2\/users\/1"}],"replies":[{"embeddable":true,"href":"https:\/\/fedetenismurcia.com\/index.php?rest_route=%2Fwp%2Fv2%2Fcomments&post=6841"}],"version-history":[{"count":0,"href":"https:\/\/fedetenismurcia.com\/index.php?rest_route=\/wp\/v2\/posts\/6841\/revisions"}],"wp:attachment":[{"href":"https:\/\/fedetenismurcia.com\/index.php?rest_route=%2Fwp%2Fv2%2Fmedia&parent=6841"}],"wp:term":[{"taxonomy":"category","embeddable":true,"href":"https:\/\/fedetenismurcia.com\/index.php?rest_route=%2Fwp%2Fv2%2Fcategories&post=6841"},{"taxonomy":"post_tag","embeddable":true,"href":"https:\/\/fedetenismurcia.com\/index.php?rest_route=%2Fwp%2Fv2%2Ftags&post=6841"}],"curies":[{"name":"wp","href":"https:\/\/api.w.org\/{rel}","templated":true}]}}