{"id":6895,"date":"2024-02-05T11:08:48","date_gmt":"2024-02-05T10:08:48","guid":{"rendered":"https:\/\/fedetenismurcia.com\/?p=6895"},"modified":"2024-02-05T11:08:52","modified_gmt":"2024-02-05T10:08:52","slug":"publicadas-las-fechas-de-los-campeonatos-regional-individuales-2024","status":"publish","type":"post","link":"https:\/\/fedetenismurcia.com\/?p=6895","title":{"rendered":"Publicadas las fechas de los Campeonatos Regional Individuales 2024"},"content":{"rendered":"\n<p>Tras reuni\u00f3n de la comisi\u00f3n deportiva de la Federaci\u00f3n de Tenis de la Regi\u00f3n de Murcia en el mes de Enero de 2024, se establecieron las siguientes fechas y sedes para celebrar los campeonatos regionales individuales de la Federaci\u00f3n de Tenis de la Regi\u00f3n de Murcia:<\/p>\n<p>Campeonato Regional Benjam\u00edn.- Sede: CLUB DE TENIS SAN JAVIER \u00a0Fecha: Del 28 de Septiembre al 6 de Octubre de 2024<\/p>\n<p>Campeonato Regional Alev\u00edn.- Sede: REAL SOCIEDAD CLUB DE CAMPO Fecha: Del 3 al 12 de Mayo de 2024<\/p>\n<p>Campeonato Regional Infantil.- Sede: CLUB DE TENIS TORRE PACHECO Fecha: DEL 31 de Mayo al 9 de Junio de 2024<\/p>\n<p>Campeonato Regional Cadete.- Sede:\u00a0 CLUB DE TENIS CEHEG\u00cdN Fecha: Del 3 al 12 de Mayo de 2024<\/p>\n<p>Campeonato Regional Junior.- Sede: YECLA CLUB DE TENIS \u00a0Fecha: Del 8 al 14 de Julio de 2024<\/p>\n<p>Toda la informaci\u00f3n de estos campeonatos se puede seguir en: <a href=\"https:\/\/fedetenismurcia.com\/individuales-juveniles\/\" target=\"_blank\" rel=\"noopener\">https:\/\/fedetenismurcia.com\/individuales-juveniles\/<\/a><\/p>\n<p><img loading=\"lazy\" decoding=\"async\" class=\"aligncenter size-medium wp-image-1207\" src=\"https:\/\/fedetenismurcia.com\/wp-content\/uploads\/2020\/05\/cropped-ORIGINAL-FTRM-SIN-FONDO-300x300.png\" alt=\"\" width=\"300\" height=\"300\" srcset=\"https:\/\/fedetenismurcia.com\/wp-content\/uploads\/2020\/05\/cropped-ORIGINAL-FTRM-SIN-FONDO-300x300.png 300w, https:\/\/fedetenismurcia.com\/wp-content\/uploads\/2020\/05\/cropped-ORIGINAL-FTRM-SIN-FONDO-150x150.png 150w, https:\/\/fedetenismurcia.com\/wp-content\/uploads\/2020\/05\/cropped-ORIGINAL-FTRM-SIN-FONDO-270x270.png 270w, https:\/\/fedetenismurcia.com\/wp-content\/uploads\/2020\/05\/cropped-ORIGINAL-FTRM-SIN-FONDO-192x192.png 192w, https:\/\/fedetenismurcia.com\/wp-content\/uploads\/2020\/05\/cropped-ORIGINAL-FTRM-SIN-FONDO-180x180.png 180w, https:\/\/fedetenismurcia.com\/wp-content\/uploads\/2020\/05\/cropped-ORIGINAL-FTRM-SIN-FONDO-32x32.png 32w, https:\/\/fedetenismurcia.com\/wp-content\/uploads\/2020\/05\/cropped-ORIGINAL-FTRM-SIN-FONDO.png 512w\" sizes=\"auto, (max-width: 300px) 100vw, 300px\" \/><\/p>\n","protected":false},"excerpt":{"rendered":"Tras reuni\u00f3n de la comisi\u00f3n deportiva de la Federaci\u00f3n de Tenis de la Regi\u00f3n de Murcia en el mes de Enero de 2024, se establecieron las siguientes fechas y sedes...","protected":false},"author":1,"featured_media":0,"comment_status":"closed","ping_status":"closed","sticky":false,"template":"","format":"standard","meta":{"footnotes":""},"categories":[37],"tags":[],"class_list":["post-6895","post","type-post","status-publish","format-standard","category-regionales-juveniles-individuales"],"featured_media_src":null,"excerpt_plain":"Tras reuni\u00f3n de la comisi\u00f3n deportiva de la Federaci\u00f3n de Tenis de la Regi\u00f3n de Murcia en el mes de...","_links":{"self":[{"href":"https:\/\/fedetenismurcia.com\/index.php?rest_route=\/wp\/v2\/posts\/6895","targetHints":{"allow":["GET"]}}],"collection":[{"href":"https:\/\/fedetenismurcia.com\/index.php?rest_route=\/wp\/v2\/posts"}],"about":[{"href":"https:\/\/fedetenismurcia.com\/index.php?rest_route=\/wp\/v2\/types\/post"}],"author":[{"embeddable":true,"href":"https:\/\/fedetenismurcia.com\/index.php?rest_route=\/wp\/v2\/users\/1"}],"replies":[{"embeddable":true,"href":"https:\/\/fedetenismurcia.com\/index.php?rest_route=%2Fwp%2Fv2%2Fcomments&post=6895"}],"version-history":[{"count":0,"href":"https:\/\/fedetenismurcia.com\/index.php?rest_route=\/wp\/v2\/posts\/6895\/revisions"}],"wp:attachment":[{"href":"https:\/\/fedetenismurcia.com\/index.php?rest_route=%2Fwp%2Fv2%2Fmedia&parent=6895"}],"wp:term":[{"taxonomy":"category","embeddable":true,"href":"https:\/\/fedetenismurcia.com\/index.php?rest_route=%2Fwp%2Fv2%2Fcategories&post=6895"},{"taxonomy":"post_tag","embeddable":true,"href":"https:\/\/fedetenismurcia.com\/index.php?rest_route=%2Fwp%2Fv2%2Ftags&post=6895"}],"curies":[{"name":"wp","href":"https:\/\/api.w.org\/{rel}","templated":true}]}}