{"id":7224,"date":"2024-04-16T10:52:58","date_gmt":"2024-04-16T08:52:58","guid":{"rendered":"https:\/\/fedetenismurcia.com\/?p=7224"},"modified":"2024-04-16T10:53:03","modified_gmt":"2024-04-16T08:53:03","slug":"campeonato-regional-alevin-y-cadete","status":"publish","type":"post","link":"https:\/\/fedetenismurcia.com\/?p=7224","title":{"rendered":"Campeonato Regional Alev\u00edn y Cadete"},"content":{"rendered":"\n<p>El Campeonato Regional Alev\u00edn y Cadete en las modalidades de individual y dobles, abren la temporada de los campeonato clasificatorios para los Campeonatos de Espa\u00f1a Juveniles.<\/p>\n<p>El Campeonato Regional Alev\u00edn se disputar\u00e1 en la Real Sociedad Club de Campo de Murcia y el Campeonato Regional Cadete en el Club de Tenis Ceheg\u00edn. Las fechas de ambos campeonatos ser\u00e1n del 3 al 12 de mayo de 2024. La fecha l\u00edmite de inscripci\u00f3n es: <strong>JUEVES 25 DE ABRIL DE 2024 A LAS 16 HORAS.<\/strong><\/p>\n<p>Toda la informaci\u00f3n e inscripci\u00f3n se puede consultar en: <a href=\"https:\/\/fedetenismurcia.com\/individuales-juveniles\/\" target=\"_blank\" rel=\"noopener\">https:\/\/fedetenismurcia.com\/individuales-juveniles\/<\/a><\/p>\n<table class=\" aligncenter\" style=\"width: 100%; border-collapse: collapse;\">\n<tbody>\n<tr>\n<td style=\"width: 416.8px;\"><a href=\"https:\/\/fedetenismurcia.com\/wp-content\/uploads\/2020\/documentos\/regionales\/regionales%20individuales\/2024\/alevin\/alev%C3%ADn%202024.jpg?_t=1707070299\"><img loading=\"lazy\" decoding=\"async\" class=\"aligncenter size-medium\" src=\"https:\/\/fedetenismurcia.com\/wp-content\/uploads\/2020\/documentos\/regionales\/regionales%20individuales\/2024\/alevin\/alev%C3%ADn%202024.jpg?_t=1707070299\" width=\"720\" height=\"960\" \/><\/a><\/td>\n<td style=\"width: 416.8px;\"><a href=\"https:\/\/fedetenismurcia.com\/wp-content\/uploads\/2020\/documentos\/regionales\/regionales%20individuales\/2024\/cadete\/cadete%202024.jpg?_t=1707070311\"><img loading=\"lazy\" decoding=\"async\" class=\"aligncenter size-medium\" src=\"https:\/\/fedetenismurcia.com\/wp-content\/uploads\/2020\/documentos\/regionales\/regionales%20individuales\/2024\/cadete\/cadete%202024.jpg?_t=1707070311\" width=\"720\" height=\"960\" \/><\/a><\/td>\n<\/tr>\n<\/tbody>\n<\/table>\n<p>\u00a0<\/p>\n<p>\u00a0<\/p>\n","protected":false},"excerpt":{"rendered":"El Campeonato Regional Alev\u00edn y Cadete en las modalidades de individual y dobles, abren la temporada de los campeonato clasificatorios para los Campeonatos de Espa\u00f1a Juveniles. El Campeonato Regional Alev\u00edn...","protected":false},"author":1,"featured_media":0,"comment_status":"closed","ping_status":"closed","sticky":false,"template":"","format":"standard","meta":{"footnotes":""},"categories":[37],"tags":[],"class_list":["post-7224","post","type-post","status-publish","format-standard","category-regionales-juveniles-individuales"],"featured_media_src":null,"excerpt_plain":"El Campeonato Regional Alev\u00edn y Cadete en las modalidades de individual y dobles, abren la temporada de los campeonato clasificatorios...","_links":{"self":[{"href":"https:\/\/fedetenismurcia.com\/index.php?rest_route=\/wp\/v2\/posts\/7224","targetHints":{"allow":["GET"]}}],"collection":[{"href":"https:\/\/fedetenismurcia.com\/index.php?rest_route=\/wp\/v2\/posts"}],"about":[{"href":"https:\/\/fedetenismurcia.com\/index.php?rest_route=\/wp\/v2\/types\/post"}],"author":[{"embeddable":true,"href":"https:\/\/fedetenismurcia.com\/index.php?rest_route=\/wp\/v2\/users\/1"}],"replies":[{"embeddable":true,"href":"https:\/\/fedetenismurcia.com\/index.php?rest_route=%2Fwp%2Fv2%2Fcomments&post=7224"}],"version-history":[{"count":0,"href":"https:\/\/fedetenismurcia.com\/index.php?rest_route=\/wp\/v2\/posts\/7224\/revisions"}],"wp:attachment":[{"href":"https:\/\/fedetenismurcia.com\/index.php?rest_route=%2Fwp%2Fv2%2Fmedia&parent=7224"}],"wp:term":[{"taxonomy":"category","embeddable":true,"href":"https:\/\/fedetenismurcia.com\/index.php?rest_route=%2Fwp%2Fv2%2Fcategories&post=7224"},{"taxonomy":"post_tag","embeddable":true,"href":"https:\/\/fedetenismurcia.com\/index.php?rest_route=%2Fwp%2Fv2%2Ftags&post=7224"}],"curies":[{"name":"wp","href":"https:\/\/api.w.org\/{rel}","templated":true}]}}