{"id":7433,"date":"2024-05-12T18:51:48","date_gmt":"2024-05-12T16:51:48","guid":{"rendered":"https:\/\/fedetenismurcia.com\/?p=7433"},"modified":"2024-05-13T07:28:41","modified_gmt":"2024-05-13T05:28:41","slug":"7433-2","status":"publish","type":"post","link":"https:\/\/fedetenismurcia.com\/?p=7433","title":{"rendered":"Finalizan los Campeonatos Regionales Alev\u00edn y Cadete"},"content":{"rendered":"\n<p>Ya tenemos los primeros jugadores\/as clasificados para los Campeonatos de Espa\u00f1a Alev\u00edn y Cadete.<\/p>\n<p>El Campeonato Regional Alev\u00edn, se ha celebrado en la Real Sociedad Club de Campo de Murcia. Los jugadores y jugadoras que han obtenido plaza en el Campeonato de Espa\u00f1a, son los siguientes:<\/p>\n<ul style=\"list-style-type: disc;\">\n<li>Francisco Rico Ru\u00edz: Campe\u00f3n Regional<\/li>\n<li>Gonzalo Mar\u00edn Checa: Subcampe\u00f3n Regional<\/li>\n<li>Pablo Carmona Pinar: Tercer Clasificado<\/li>\n<li>Sara Gabriela Anoca: Campeona Regional<\/li>\n<li>Mar Mu\u00f1oz Jim\u00e9nez: Subcampeona Regional<\/li>\n<li>Guillermo Tejero Luengo e Iv\u00e1n Mart\u00ednez V\u00e1zquez: Campeones de dobles<\/li>\n<li>Ana S\u00e1ez Garc\u00eda y Mar Mu\u00f1oz Jim\u00e9nez: Campeonas de dobles<\/li>\n<\/ul>\n<p>Luc\u00eda Mart\u00ednez Tornero: Tercera Clasificada<\/p>\n<p>El Campeonato Regional Cadete, se ha disputado en el Club de Tenis Ceheg\u00edn, y los jugadores clasificados al Campeonato de Espa\u00f1a son los siguientes. (Campeones a la fase final y subcampeones a la fase previa)<\/p>\n<ul style=\"list-style-type: disc;\">\n<li>Juan Pedro Alcobas Aparicio: Campe\u00f3n Regional<\/li>\n<li>Pablo \u00c1lvarez Pe\u00f1aranda: Subcampe\u00f3n Regional<\/li>\n<li>Ana Alcobas Aparicio: Campeona Regional<\/li>\n<li>Mar\u00eda Mart\u00ednez Nicol\u00e1s: Subcampeona Regional<\/li>\n<\/ul>\n<div style=\"width: 1617px\" class=\"wp-caption aligncenter\"><a href=\"https:\/\/fedetenismurcia.com\/wp-content\/uploads\/2020\/documentos\/regionales\/regionales%20individuales\/2024\/cadete\/FINALISTAS.jpg?_t=1715531527\"><img loading=\"lazy\" decoding=\"async\" class=\"size-medium\" src=\"https:\/\/fedetenismurcia.com\/wp-content\/uploads\/2020\/documentos\/regionales\/regionales%20individuales\/2024\/cadete\/FINALISTAS.jpg?_t=1715531527\" width=\"1607\" height=\"1076\" \/><\/a><p class=\"wp-caption-text\">Finalistas Campeonato Regional Cadete<\/p><\/div>\n<div style=\"width: 1210px\" class=\"wp-caption aligncenter\"><a href=\"https:\/\/fedetenismurcia.com\/wp-content\/uploads\/2020\/documentos\/regionales\/regionales%20individuales\/2024\/alevin\/finalistas%20alevin%202024.jpg?_t=1715531133\"><img loading=\"lazy\" decoding=\"async\" class=\"size-medium\" src=\"https:\/\/fedetenismurcia.com\/wp-content\/uploads\/2020\/documentos\/regionales\/regionales%20individuales\/2024\/alevin\/finalistas%20alevin%202024.jpg?_t=1715531133\" width=\"1200\" height=\"768\" \/><\/a><p class=\"wp-caption-text\">Finalistas Campeonato Regional Alev\u00edn<\/p><\/div>\n\n\n\n<p class=\"wp-block-paragraph\"><\/p>\n","protected":false},"excerpt":{"rendered":"Ya tenemos los primeros jugadores\/as clasificados para los Campeonatos de Espa\u00f1a Alev\u00edn y Cadete. El Campeonato Regional Alev\u00edn, se ha celebrado en la Real Sociedad Club de Campo de Murcia....","protected":false},"author":1,"featured_media":0,"comment_status":"closed","ping_status":"closed","sticky":false,"template":"","format":"standard","meta":{"footnotes":""},"categories":[37],"tags":[],"class_list":["post-7433","post","type-post","status-publish","format-standard","category-regionales-juveniles-individuales"],"featured_media_src":null,"excerpt_plain":"Ya tenemos los primeros jugadores\/as clasificados para los Campeonatos de Espa\u00f1a Alev\u00edn y Cadete. El Campeonato Regional Alev\u00edn, se ha...","_links":{"self":[{"href":"https:\/\/fedetenismurcia.com\/index.php?rest_route=\/wp\/v2\/posts\/7433","targetHints":{"allow":["GET"]}}],"collection":[{"href":"https:\/\/fedetenismurcia.com\/index.php?rest_route=\/wp\/v2\/posts"}],"about":[{"href":"https:\/\/fedetenismurcia.com\/index.php?rest_route=\/wp\/v2\/types\/post"}],"author":[{"embeddable":true,"href":"https:\/\/fedetenismurcia.com\/index.php?rest_route=\/wp\/v2\/users\/1"}],"replies":[{"embeddable":true,"href":"https:\/\/fedetenismurcia.com\/index.php?rest_route=%2Fwp%2Fv2%2Fcomments&post=7433"}],"version-history":[{"count":0,"href":"https:\/\/fedetenismurcia.com\/index.php?rest_route=\/wp\/v2\/posts\/7433\/revisions"}],"wp:attachment":[{"href":"https:\/\/fedetenismurcia.com\/index.php?rest_route=%2Fwp%2Fv2%2Fmedia&parent=7433"}],"wp:term":[{"taxonomy":"category","embeddable":true,"href":"https:\/\/fedetenismurcia.com\/index.php?rest_route=%2Fwp%2Fv2%2Fcategories&post=7433"},{"taxonomy":"post_tag","embeddable":true,"href":"https:\/\/fedetenismurcia.com\/index.php?rest_route=%2Fwp%2Fv2%2Ftags&post=7433"}],"curies":[{"name":"wp","href":"https:\/\/api.w.org\/{rel}","templated":true}]}}