{"id":7651,"date":"2024-06-17T11:52:25","date_gmt":"2024-06-17T09:52:25","guid":{"rendered":"https:\/\/fedetenismurcia.com\/?p=7651"},"modified":"2024-06-17T11:52:30","modified_gmt":"2024-06-17T09:52:30","slug":"campeonato-regional-junior-2","status":"publish","type":"post","link":"https:\/\/fedetenismurcia.com\/?p=7651","title":{"rendered":"Campeonato Regional Junior"},"content":{"rendered":"\n<p>En el Yecla Club de Tenis, tendr\u00e1 lugar el Campeonato Regional Junior Individual y Dobles, clasificatorio para el Campeonato de Espa\u00f1a.<\/p>\n<p>Las fechas de la fase regional son del 8 al 14 de Julio y la fecha l\u00edmite de inscripci\u00f3n ser\u00e1 el:\u00a0 LUNES 1 DE JULIO DE 2024 A LAS 12 HORAS<\/p>\n<p>Toda la informaci\u00f3n e inscripci\u00f3n, se puede consultar en: <a href=\"https:\/\/fedetenismurcia.com\/individuales-juveniles\/\" target=\"_blank\" rel=\"noopener\">https:\/\/fedetenismurcia.com\/individuales-juveniles\/<\/a><\/p>\n\n\n\n<figure class=\"wp-block-image aligncenter size-large is-resized\"><img decoding=\"async\" src=\"https:\/\/fedetenismurcia.com\/wp-content\/uploads\/2020\/documentos\/regionales\/regionales%20individuales\/2024\/junior\/junior%202024.jpg?_t=1707070338\" alt=\"\" style=\"width:281px;height:auto\"\/><\/figure>\n","protected":false},"excerpt":{"rendered":"En el Yecla Club de Tenis, tendr\u00e1 lugar el Campeonato Regional Junior Individual y Dobles, clasificatorio para el Campeonato de Espa\u00f1a. Las fechas de la fase regional son del 8...","protected":false},"author":1,"featured_media":0,"comment_status":"closed","ping_status":"closed","sticky":false,"template":"","format":"standard","meta":{"footnotes":""},"categories":[37],"tags":[],"class_list":["post-7651","post","type-post","status-publish","format-standard","category-regionales-juveniles-individuales"],"featured_media_src":null,"excerpt_plain":"En el Yecla Club de Tenis, tendr\u00e1 lugar el Campeonato Regional Junior Individual y Dobles, clasificatorio para el Campeonato de...","_links":{"self":[{"href":"https:\/\/fedetenismurcia.com\/index.php?rest_route=\/wp\/v2\/posts\/7651","targetHints":{"allow":["GET"]}}],"collection":[{"href":"https:\/\/fedetenismurcia.com\/index.php?rest_route=\/wp\/v2\/posts"}],"about":[{"href":"https:\/\/fedetenismurcia.com\/index.php?rest_route=\/wp\/v2\/types\/post"}],"author":[{"embeddable":true,"href":"https:\/\/fedetenismurcia.com\/index.php?rest_route=\/wp\/v2\/users\/1"}],"replies":[{"embeddable":true,"href":"https:\/\/fedetenismurcia.com\/index.php?rest_route=%2Fwp%2Fv2%2Fcomments&post=7651"}],"version-history":[{"count":0,"href":"https:\/\/fedetenismurcia.com\/index.php?rest_route=\/wp\/v2\/posts\/7651\/revisions"}],"wp:attachment":[{"href":"https:\/\/fedetenismurcia.com\/index.php?rest_route=%2Fwp%2Fv2%2Fmedia&parent=7651"}],"wp:term":[{"taxonomy":"category","embeddable":true,"href":"https:\/\/fedetenismurcia.com\/index.php?rest_route=%2Fwp%2Fv2%2Fcategories&post=7651"},{"taxonomy":"post_tag","embeddable":true,"href":"https:\/\/fedetenismurcia.com\/index.php?rest_route=%2Fwp%2Fv2%2Ftags&post=7651"}],"curies":[{"name":"wp","href":"https:\/\/api.w.org\/{rel}","templated":true}]}}