{"id":7692,"date":"2024-06-28T17:44:49","date_gmt":"2024-06-28T15:44:49","guid":{"rendered":"https:\/\/fedetenismurcia.com\/?p=7692"},"modified":"2024-06-28T17:45:57","modified_gmt":"2024-06-28T15:45:57","slug":"abierto-el-plazo-de-inscripcion-para-la-escuela-de-tenis-sede-universidad-de-murcia","status":"publish","type":"post","link":"https:\/\/fedetenismurcia.com\/?p=7692","title":{"rendered":"Abierto el plazo de inscripci\u00f3n para la Escuela de Tenis Sede Universidad de Murcia"},"content":{"rendered":"\n<p>Queda abierto el plazo de inscripci\u00f3n para la Escuela de Tenis de la Federaci\u00f3n de Tenis de la Regi\u00f3n de Murcia para la sede del Campus de Espinardo en la Universidad de Murcia.<\/p>\n<p>La Escuela, est\u00e1 dirigida a ni\u00f1os\/as y adultos\/as. El inicio de las clases est\u00e1 previsto para el dos de septiembre. Toda la informaci\u00f3n de horarios, grupos y precios, se puede consultar en el siguiente enlace: <a href=\"https:\/\/fedetenismurcia.com\/sede-universidad\/\" target=\"_blank\" rel=\"noopener\" data-wplink-edit=\"true\">https:\/\/fedetenismurcia.com\/sede-universidad\/<\/a><\/p>\n\n\n\n<figure class=\"wp-block-image aligncenter size-large is-resized\"><img decoding=\"async\" src=\"https:\/\/fedetenismurcia.com\/wp-content\/uploads\/2020\/documentos\/escuela%20de%20tenis\/universidad\/curso%202024_2025\/cartel%20uni%202024_2025.jpg?_t=1719587828\" alt=\"\" style=\"width:366px;height:auto\"\/><\/figure>\n","protected":false},"excerpt":{"rendered":"Queda abierto el plazo de inscripci\u00f3n para la Escuela de Tenis de la Federaci\u00f3n de Tenis de la Regi\u00f3n de Murcia para la sede del Campus de Espinardo en la...","protected":false},"author":1,"featured_media":0,"comment_status":"closed","ping_status":"closed","sticky":false,"template":"","format":"standard","meta":{"footnotes":""},"categories":[71],"tags":[],"class_list":["post-7692","post","type-post","status-publish","format-standard","category-escuela-de-tenis"],"featured_media_src":null,"excerpt_plain":"Queda abierto el plazo de inscripci\u00f3n para la Escuela de Tenis de la Federaci\u00f3n de Tenis de la Regi\u00f3n de...","_links":{"self":[{"href":"https:\/\/fedetenismurcia.com\/index.php?rest_route=\/wp\/v2\/posts\/7692","targetHints":{"allow":["GET"]}}],"collection":[{"href":"https:\/\/fedetenismurcia.com\/index.php?rest_route=\/wp\/v2\/posts"}],"about":[{"href":"https:\/\/fedetenismurcia.com\/index.php?rest_route=\/wp\/v2\/types\/post"}],"author":[{"embeddable":true,"href":"https:\/\/fedetenismurcia.com\/index.php?rest_route=\/wp\/v2\/users\/1"}],"replies":[{"embeddable":true,"href":"https:\/\/fedetenismurcia.com\/index.php?rest_route=%2Fwp%2Fv2%2Fcomments&post=7692"}],"version-history":[{"count":0,"href":"https:\/\/fedetenismurcia.com\/index.php?rest_route=\/wp\/v2\/posts\/7692\/revisions"}],"wp:attachment":[{"href":"https:\/\/fedetenismurcia.com\/index.php?rest_route=%2Fwp%2Fv2%2Fmedia&parent=7692"}],"wp:term":[{"taxonomy":"category","embeddable":true,"href":"https:\/\/fedetenismurcia.com\/index.php?rest_route=%2Fwp%2Fv2%2Fcategories&post=7692"},{"taxonomy":"post_tag","embeddable":true,"href":"https:\/\/fedetenismurcia.com\/index.php?rest_route=%2Fwp%2Fv2%2Ftags&post=7692"}],"curies":[{"name":"wp","href":"https:\/\/api.w.org\/{rel}","templated":true}]}}