{"id":7959,"date":"2024-09-14T13:08:27","date_gmt":"2024-09-14T11:08:27","guid":{"rendered":"https:\/\/fedetenismurcia.com\/?p=7959"},"modified":"2024-09-14T13:08:27","modified_gmt":"2024-09-14T11:08:27","slug":"jornadas-de-formacion-para-tecnicos-de-la-ftrm","status":"publish","type":"post","link":"https:\/\/fedetenismurcia.com\/?p=7959","title":{"rendered":"JORNADAS DE FORMACI\u00d3N PARA T\u00c9CNICOS DE LA FTRM"},"content":{"rendered":"<p>La Federaci\u00f3n de Tenis de la Regi\u00f3n de Murcia va a celebrar el pr\u00f3ximo s\u00e1bado 21 de septiembre de 2024 en las instalaciones del CAR de Los Narejos la I Ponencia de Medicina Deportiva.<\/p>\n<p>Impartida por la doctora D\u00f1a. Elena Saura Guill\u00e9n, tratar\u00e1 sobre diversos temas de la medicina relacionados con el deporte y el tenis. Nutrici\u00f3n, hidrataci\u00f3n, entrenamiento o dopaje ser\u00e1n algunas de las \u00e1reas sobre lo que se debatir\u00e1.<\/p>\n<p>La Jornada comenzar\u00e1 a las 12:00 horas del s\u00e1bado 21 y la asistencia para los t\u00e9cnicos de la Regi\u00f3n ser\u00e1 gratuita hasta completar aforo.<\/p>\n<p>La inscripci\u00f3n deber\u00e1 comunicarse a la Federaci\u00f3n de Tenis de la Regi\u00f3n de Murcia, (<a href=\"mailto:ftrm@fedetenismurcia.com\" target=\"_blank\" rel=\"noopener\">ftrm@fedetenismurcia.com<\/a>)\u00a0 indicando el nombre y apellidos del t\u00e9cnico, n\u00famero de tel\u00e9fono y email. El l\u00edmite de inscripci\u00f3n ser\u00e1 el jueves 19 de septiembre a las 12 horas.<\/p>\n<p><a href=\"https:\/\/fedetenismurcia.com\/wp-content\/uploads\/2020\/documentos\/talento%20deportivo\/23_24\/I-PONENCIA-MEDICINA-DEPORTIVA-FTRM-Y-CAR.png.webp?_t=1726311408\"><img loading=\"lazy\" decoding=\"async\" class=\"aligncenter \" src=\"https:\/\/fedetenismurcia.com\/wp-content\/uploads\/2020\/documentos\/talento%20deportivo\/23_24\/I-PONENCIA-MEDICINA-DEPORTIVA-FTRM-Y-CAR.png.webp?_t=1726311408\" width=\"609\" height=\"861\" \/><\/a><\/p>\n<p>&nbsp;<\/p>\n","protected":false},"excerpt":{"rendered":"<p>La Federaci\u00f3n de Tenis de la Regi\u00f3n de Murcia va a celebrar el pr\u00f3ximo s\u00e1bado 21 de septiembre de 2024 en las instalaciones del CAR de Los Narejos la I&#8230;<\/p>\n","protected":false},"author":1,"featured_media":0,"comment_status":"closed","ping_status":"closed","sticky":false,"template":"","format":"standard","meta":{"footnotes":""},"categories":[40],"tags":[],"class_list":["post-7959","post","type-post","status-publish","format-standard","category-docencia"],"featured_media_src":null,"excerpt_plain":"La Federaci\u00f3n de Tenis de la Regi\u00f3n de Murcia va a celebrar el pr\u00f3ximo s\u00e1bado 21 de septiembre de 2024...","_links":{"self":[{"href":"https:\/\/fedetenismurcia.com\/index.php?rest_route=\/wp\/v2\/posts\/7959","targetHints":{"allow":["GET"]}}],"collection":[{"href":"https:\/\/fedetenismurcia.com\/index.php?rest_route=\/wp\/v2\/posts"}],"about":[{"href":"https:\/\/fedetenismurcia.com\/index.php?rest_route=\/wp\/v2\/types\/post"}],"author":[{"embeddable":true,"href":"https:\/\/fedetenismurcia.com\/index.php?rest_route=\/wp\/v2\/users\/1"}],"replies":[{"embeddable":true,"href":"https:\/\/fedetenismurcia.com\/index.php?rest_route=%2Fwp%2Fv2%2Fcomments&post=7959"}],"version-history":[{"count":0,"href":"https:\/\/fedetenismurcia.com\/index.php?rest_route=\/wp\/v2\/posts\/7959\/revisions"}],"wp:attachment":[{"href":"https:\/\/fedetenismurcia.com\/index.php?rest_route=%2Fwp%2Fv2%2Fmedia&parent=7959"}],"wp:term":[{"taxonomy":"category","embeddable":true,"href":"https:\/\/fedetenismurcia.com\/index.php?rest_route=%2Fwp%2Fv2%2Fcategories&post=7959"},{"taxonomy":"post_tag","embeddable":true,"href":"https:\/\/fedetenismurcia.com\/index.php?rest_route=%2Fwp%2Fv2%2Ftags&post=7959"}],"curies":[{"name":"wp","href":"https:\/\/api.w.org\/{rel}","templated":true}]}}