{"id":8070,"date":"2024-09-26T18:54:24","date_gmt":"2024-09-26T16:54:24","guid":{"rendered":"https:\/\/fedetenismurcia.com\/?p=8070"},"modified":"2024-09-26T18:54:24","modified_gmt":"2024-09-26T16:54:24","slug":"el-campeonato-regional-absoluto-y-veteranos-en-el-ct-cieza","status":"publish","type":"post","link":"https:\/\/fedetenismurcia.com\/?p=8070","title":{"rendered":"El Campeonato Regional Absoluto y Veteranos en el CT Cieza"},"content":{"rendered":"<p><span style=\"font-family: arial, helvetica, sans-serif;\">La nueva edici\u00f3n del Campeonato Regional Absoluto Individual y de Veteranos de la Federaci\u00f3n de Tenis de la Regi\u00f3n de Murcia, se disputar\u00e1 en el Club de Tenis Cieza del 23 de noviembre al 1 de diciembre de 2024.<\/span><\/p>\n<p><span style=\"font-family: arial, helvetica, sans-serif;\">El campeonato se disputar\u00e1 tanto en categor\u00eda masculina como en femenina y repartir\u00e1 premios en met\u00e1lico en la categor\u00eda absoluta.<\/span><\/p>\n<p><span style=\"font-family: arial, helvetica, sans-serif;\">En breve se publicar\u00e1 toda la informaci\u00f3n de dicho Campeonato.<\/span><\/p>\n<p>&nbsp;<\/p>\n<p><img loading=\"lazy\" decoding=\"async\" class=\"aligncenter \" src=\"https:\/\/fedetenismurcia.com\/wp-content\/uploads\/2020\/documentos\/institucional\/LOGO%20Fed%20Tenis%20Murcia.JPG?_t=1598688671\" width=\"308\" height=\"290\" \/><\/p>\n","protected":false},"excerpt":{"rendered":"<p>La nueva edici\u00f3n del Campeonato Regional Absoluto Individual y de Veteranos de la Federaci\u00f3n de Tenis de la Regi\u00f3n de Murcia, se disputar\u00e1 en el Club de Tenis Cieza del&#8230;<\/p>\n","protected":false},"author":1,"featured_media":0,"comment_status":"closed","ping_status":"closed","sticky":false,"template":"","format":"standard","meta":{"footnotes":""},"categories":[48],"tags":[],"class_list":["post-8070","post","type-post","status-publish","format-standard","category-regional-absoluto"],"featured_media_src":null,"excerpt_plain":"La nueva edici\u00f3n del Campeonato Regional Absoluto Individual y de Veteranos de la Federaci\u00f3n de Tenis de la Regi\u00f3n de...","_links":{"self":[{"href":"https:\/\/fedetenismurcia.com\/index.php?rest_route=\/wp\/v2\/posts\/8070","targetHints":{"allow":["GET"]}}],"collection":[{"href":"https:\/\/fedetenismurcia.com\/index.php?rest_route=\/wp\/v2\/posts"}],"about":[{"href":"https:\/\/fedetenismurcia.com\/index.php?rest_route=\/wp\/v2\/types\/post"}],"author":[{"embeddable":true,"href":"https:\/\/fedetenismurcia.com\/index.php?rest_route=\/wp\/v2\/users\/1"}],"replies":[{"embeddable":true,"href":"https:\/\/fedetenismurcia.com\/index.php?rest_route=%2Fwp%2Fv2%2Fcomments&post=8070"}],"version-history":[{"count":0,"href":"https:\/\/fedetenismurcia.com\/index.php?rest_route=\/wp\/v2\/posts\/8070\/revisions"}],"wp:attachment":[{"href":"https:\/\/fedetenismurcia.com\/index.php?rest_route=%2Fwp%2Fv2%2Fmedia&parent=8070"}],"wp:term":[{"taxonomy":"category","embeddable":true,"href":"https:\/\/fedetenismurcia.com\/index.php?rest_route=%2Fwp%2Fv2%2Fcategories&post=8070"},{"taxonomy":"post_tag","embeddable":true,"href":"https:\/\/fedetenismurcia.com\/index.php?rest_route=%2Fwp%2Fv2%2Ftags&post=8070"}],"curies":[{"name":"wp","href":"https:\/\/api.w.org\/{rel}","templated":true}]}}