{"id":8580,"date":"2024-12-29T18:22:07","date_gmt":"2024-12-29T17:22:07","guid":{"rendered":"https:\/\/fedetenismurcia.com\/?p=8580"},"modified":"2024-12-29T18:22:07","modified_gmt":"2024-12-29T17:22:07","slug":"nuevo-iniciatenis-categoria-plata","status":"publish","type":"post","link":"https:\/\/fedetenismurcia.com\/?p=8580","title":{"rendered":"Nuevo Iniciatenis categor\u00eda Plata"},"content":{"rendered":"<p><span style=\"font-family: arial, helvetica, sans-serif;\">A partir del 2 de enero se abre la inscripci\u00f3n para una nueva edici\u00f3n del Iniciatenis de categor\u00eda plata. Las fechas de celebraci\u00f3n ser\u00e1n del 18 de Enero al 16 de Febrero.<\/span><\/p>\n<p><span style=\"font-family: arial, helvetica, sans-serif;\">El iniciatenis tendr\u00e1 una fase zonal que se disputar\u00e1 por Liga y una fase final que se jugar\u00e1 en el Club de Tenis Cieza que se disputar\u00e1 mediante la modalidad eliminatoria.<\/span><\/p>\n<p><span style=\"font-family: arial, helvetica, sans-serif;\">Los jugadores\/as que pueden participar en el Inicatenis Plata son los siguientes:<\/span><\/p>\n<p><span style=\"font-family: arial, helvetica, sans-serif;\"><strong>TOD@S L@S JUGADORES\/AS CON EDADES, DE 8 A 20 A\u00d1OS<\/strong><strong> SIN CLASIFICACI\u00d3N O CLASIFICACI\u00d3N LIMITADA SEG\u00daN SE INDICA EN EL REGLAMENTO Y NO HABER SIDO SEMIFINALISTA EN EL \u00daLTIMO INICIATENIS CELEBRADO EN CUALQUIERA DE SUS CATEGOR\u00cdAS EN LOS GRUPOS &#8220;A&#8221; Y FINALISTAS EN LOS GRUPOS &#8220;B&#8221;<\/strong><\/span><\/p>\n<p><span style=\"font-family: arial, helvetica, sans-serif;\"><strong>EL INICIATENIS NO OTORGA PUNTOS PARA LA CLASIFICACI\u00d3N DE LA REAL FEDERACI\u00d3N ESPA\u00d1OLA DE TENIS<\/strong><\/span><\/p>\n<p><span style=\"font-family: arial, helvetica, sans-serif;\">Toda la informaci\u00f3n e inscripci\u00f3n estar\u00e1 disponible en la secci\u00f3n del <a href=\"https:\/\/fedetenismurcia.com\/iniciatenis\/\" target=\"_blank\" rel=\"noopener\">Inicatenis<\/a><\/span><\/p>\n<p><a href=\"https:\/\/fedetenismurcia.com\/wp-content\/uploads\/2020\/documentos\/tenis%20base\/iniciatenis\/2025\/ENERO\/LOGO%20PLATA%2025.jpg?_t=1735475796\"><img loading=\"lazy\" decoding=\"async\" class=\"aligncenter size-medium\" src=\"https:\/\/fedetenismurcia.com\/wp-content\/uploads\/2020\/documentos\/tenis%20base\/iniciatenis\/2025\/ENERO\/LOGO%20PLATA%2025.jpg?_t=1735475796\" width=\"669\" height=\"146\" \/><\/a><\/p>\n","protected":false},"excerpt":{"rendered":"<p>A partir del 2 de enero se abre la inscripci\u00f3n para una nueva edici\u00f3n del Iniciatenis de categor\u00eda plata. Las fechas de celebraci\u00f3n ser\u00e1n del 18 de Enero al 16&#8230;<\/p>\n","protected":false},"author":1,"featured_media":0,"comment_status":"closed","ping_status":"closed","sticky":false,"template":"","format":"standard","meta":{"footnotes":""},"categories":[65],"tags":[],"class_list":["post-8580","post","type-post","status-publish","format-standard","category-tenis-base"],"featured_media_src":null,"excerpt_plain":"A partir del 2 de enero se abre la inscripci\u00f3n para una nueva edici\u00f3n del Iniciatenis de categor\u00eda plata. Las...","_links":{"self":[{"href":"https:\/\/fedetenismurcia.com\/index.php?rest_route=\/wp\/v2\/posts\/8580","targetHints":{"allow":["GET"]}}],"collection":[{"href":"https:\/\/fedetenismurcia.com\/index.php?rest_route=\/wp\/v2\/posts"}],"about":[{"href":"https:\/\/fedetenismurcia.com\/index.php?rest_route=\/wp\/v2\/types\/post"}],"author":[{"embeddable":true,"href":"https:\/\/fedetenismurcia.com\/index.php?rest_route=\/wp\/v2\/users\/1"}],"replies":[{"embeddable":true,"href":"https:\/\/fedetenismurcia.com\/index.php?rest_route=%2Fwp%2Fv2%2Fcomments&post=8580"}],"version-history":[{"count":0,"href":"https:\/\/fedetenismurcia.com\/index.php?rest_route=\/wp\/v2\/posts\/8580\/revisions"}],"wp:attachment":[{"href":"https:\/\/fedetenismurcia.com\/index.php?rest_route=%2Fwp%2Fv2%2Fmedia&parent=8580"}],"wp:term":[{"taxonomy":"category","embeddable":true,"href":"https:\/\/fedetenismurcia.com\/index.php?rest_route=%2Fwp%2Fv2%2Fcategories&post=8580"},{"taxonomy":"post_tag","embeddable":true,"href":"https:\/\/fedetenismurcia.com\/index.php?rest_route=%2Fwp%2Fv2%2Ftags&post=8580"}],"curies":[{"name":"wp","href":"https:\/\/api.w.org\/{rel}","templated":true}]}}