{"id":8617,"date":"2025-01-03T19:03:09","date_gmt":"2025-01-03T18:03:09","guid":{"rendered":"https:\/\/fedetenismurcia.com\/?p=8617"},"modified":"2025-01-03T19:03:09","modified_gmt":"2025-01-03T18:03:09","slug":"abierto-el-plazo-de-inscripcion-del-iniciatenis-categoria-plata","status":"publish","type":"post","link":"https:\/\/fedetenismurcia.com\/?p=8617","title":{"rendered":"Abierto el plazo de inscripci\u00f3n del Iniciatenis categor\u00eda Plata"},"content":{"rendered":"<p><span style=\"font-family: arial, helvetica, sans-serif;\">Hasta el viernes 10 de enero a las 16 horas, estar\u00e1 abierto el plazo de inscripci\u00f3n para la nueva edici\u00f3n del Iniciatenis de categor\u00eda plata.<\/span><\/p>\n<p><span style=\"font-family: arial, helvetica, sans-serif;\">Recordemos que el Iniciatenis est\u00e1 dirigido al tenis base y tiene limitada su inscripci\u00f3n seg\u00fan la clasificaci\u00f3n del jugador\/a.<\/span><\/p>\n<p><span style=\"font-family: arial, helvetica, sans-serif;\">Tambi\u00e9n podr\u00e1 participar aquel jugador\/a que no tenga licencia federativa y quiera obtenerla a trav\u00e9s de la promo del Inicitenis.<\/span><\/p>\n<p><span style=\"font-family: arial, helvetica, sans-serif;\">Consulta toda la informaci\u00f3n y como realizar la inscripci\u00f3n en la secci\u00f3n del <strong><span style=\"color: #ff0000;\"><a style=\"color: #ff0000;\" href=\"https:\/\/fedetenismurcia.com\/iniciatenis\/\" target=\"_blank\" rel=\"noopener\">iniciatenis<\/a><\/span><\/strong><\/span><\/p>\n<p><a href=\"https:\/\/fedetenismurcia.com\/wp-content\/uploads\/2020\/documentos\/tenis%20base\/iniciatenis\/2025\/ENERO\/cartel%20inicatenis%20ene25.jpg?_t=1735923852\"><img loading=\"lazy\" decoding=\"async\" class=\"aligncenter \" src=\"https:\/\/fedetenismurcia.com\/wp-content\/uploads\/2020\/documentos\/tenis%20base\/iniciatenis\/2025\/ENERO\/cartel%20inicatenis%20ene25.jpg?_t=1735923852\" width=\"417\" height=\"531\" \/><\/a><\/p>\n","protected":false},"excerpt":{"rendered":"<p>Hasta el viernes 10 de enero a las 16 horas, estar\u00e1 abierto el plazo de inscripci\u00f3n para la nueva edici\u00f3n del Iniciatenis de categor\u00eda plata. Recordemos que el Iniciatenis est\u00e1&#8230;<\/p>\n","protected":false},"author":1,"featured_media":0,"comment_status":"closed","ping_status":"closed","sticky":false,"template":"","format":"standard","meta":{"footnotes":""},"categories":[65],"tags":[],"class_list":["post-8617","post","type-post","status-publish","format-standard","category-tenis-base"],"featured_media_src":null,"excerpt_plain":"Hasta el viernes 10 de enero a las 16 horas, estar\u00e1 abierto el plazo de inscripci\u00f3n para la nueva edici\u00f3n...","_links":{"self":[{"href":"https:\/\/fedetenismurcia.com\/index.php?rest_route=\/wp\/v2\/posts\/8617","targetHints":{"allow":["GET"]}}],"collection":[{"href":"https:\/\/fedetenismurcia.com\/index.php?rest_route=\/wp\/v2\/posts"}],"about":[{"href":"https:\/\/fedetenismurcia.com\/index.php?rest_route=\/wp\/v2\/types\/post"}],"author":[{"embeddable":true,"href":"https:\/\/fedetenismurcia.com\/index.php?rest_route=\/wp\/v2\/users\/1"}],"replies":[{"embeddable":true,"href":"https:\/\/fedetenismurcia.com\/index.php?rest_route=%2Fwp%2Fv2%2Fcomments&post=8617"}],"version-history":[{"count":0,"href":"https:\/\/fedetenismurcia.com\/index.php?rest_route=\/wp\/v2\/posts\/8617\/revisions"}],"wp:attachment":[{"href":"https:\/\/fedetenismurcia.com\/index.php?rest_route=%2Fwp%2Fv2%2Fmedia&parent=8617"}],"wp:term":[{"taxonomy":"category","embeddable":true,"href":"https:\/\/fedetenismurcia.com\/index.php?rest_route=%2Fwp%2Fv2%2Fcategories&post=8617"},{"taxonomy":"post_tag","embeddable":true,"href":"https:\/\/fedetenismurcia.com\/index.php?rest_route=%2Fwp%2Fv2%2Ftags&post=8617"}],"curies":[{"name":"wp","href":"https:\/\/api.w.org\/{rel}","templated":true}]}}