{"id":8674,"date":"2025-01-14T20:46:22","date_gmt":"2025-01-14T19:46:22","guid":{"rendered":"https:\/\/fedetenismurcia.com\/?p=8674"},"modified":"2025-01-14T20:46:22","modified_gmt":"2025-01-14T19:46:22","slug":"nuevo-pequetenis","status":"publish","type":"post","link":"https:\/\/fedetenismurcia.com\/?p=8674","title":{"rendered":"Nuevo Pequetenis"},"content":{"rendered":"<p><span style=\"font-family: arial, helvetica, sans-serif;\">La Federaci\u00f3n de Tenis de la Regi\u00f3n de Murcia, pone en marcha un nuevo Pequetenis para los m\u00e1s peques de nuestra Regi\u00f3n. Est\u00e1 dirigido a ni\u00f1os y ni\u00f1as nacidos en los a\u00f1os 2016, 2017, 2018, 2019 y\u00a0 2020.<\/span><\/p>\n<p><span style=\"font-family: arial, helvetica, sans-serif;\">Este Pequetenis se celebrar\u00e1 en el Yecla Club de Tenis el s\u00e1bado 2 de febrero a las 11&#8217;30 horas de la ma\u00f1ana. La inscripci\u00f3n estar\u00e1 limitada a las primeras 60 inscripciones. Todos los ni\u00f1os tendr\u00e1n premios, regalos y diplomas por su participaci\u00f3n.<\/span><\/p>\n<p><span style=\"font-family: arial, helvetica, sans-serif;\">La inscripci\u00f3n se har\u00e1 a trav\u00e9s de la secci\u00f3n <a href=\"https:\/\/fedetenismurcia.com\/pequetenis\/\" target=\"_blank\" rel=\"noopener\">Pequetenis<\/a> y el plazo para inscribirse finaliza el lunes 27 de enero de 2025 a las 16 horas. La cuota de inscripci\u00f3n ser\u00e1 de 10 \u20ac<\/span><\/p>\n<p><a href=\"https:\/\/fedetenismurcia.com\/wp-content\/uploads\/2020\/documentos\/tenis%20base\/pequetenis\/2025\/YECLA\/cartel%20pequetenis%20ene%202025.jpg?_t=1736882960\"><img loading=\"lazy\" decoding=\"async\" class=\"aligncenter \" src=\"https:\/\/fedetenismurcia.com\/wp-content\/uploads\/2020\/documentos\/tenis%20base\/pequetenis\/2025\/YECLA\/cartel%20pequetenis%20ene%202025.jpg?_t=1736882960\" width=\"456\" height=\"604\" \/><\/a><\/p>\n","protected":false},"excerpt":{"rendered":"<p>La Federaci\u00f3n de Tenis de la Regi\u00f3n de Murcia, pone en marcha un nuevo Pequetenis para los m\u00e1s peques de nuestra Regi\u00f3n. Est\u00e1 dirigido a ni\u00f1os y ni\u00f1as nacidos en&#8230;<\/p>\n","protected":false},"author":1,"featured_media":0,"comment_status":"closed","ping_status":"closed","sticky":false,"template":"","format":"standard","meta":{"footnotes":""},"categories":[1],"tags":[],"class_list":["post-8674","post","type-post","status-publish","format-standard","category-sin-categoria"],"featured_media_src":null,"excerpt_plain":"La Federaci\u00f3n de Tenis de la Regi\u00f3n de Murcia, pone en marcha un nuevo Pequetenis para los m\u00e1s peques de...","_links":{"self":[{"href":"https:\/\/fedetenismurcia.com\/index.php?rest_route=\/wp\/v2\/posts\/8674","targetHints":{"allow":["GET"]}}],"collection":[{"href":"https:\/\/fedetenismurcia.com\/index.php?rest_route=\/wp\/v2\/posts"}],"about":[{"href":"https:\/\/fedetenismurcia.com\/index.php?rest_route=\/wp\/v2\/types\/post"}],"author":[{"embeddable":true,"href":"https:\/\/fedetenismurcia.com\/index.php?rest_route=\/wp\/v2\/users\/1"}],"replies":[{"embeddable":true,"href":"https:\/\/fedetenismurcia.com\/index.php?rest_route=%2Fwp%2Fv2%2Fcomments&post=8674"}],"version-history":[{"count":0,"href":"https:\/\/fedetenismurcia.com\/index.php?rest_route=\/wp\/v2\/posts\/8674\/revisions"}],"wp:attachment":[{"href":"https:\/\/fedetenismurcia.com\/index.php?rest_route=%2Fwp%2Fv2%2Fmedia&parent=8674"}],"wp:term":[{"taxonomy":"category","embeddable":true,"href":"https:\/\/fedetenismurcia.com\/index.php?rest_route=%2Fwp%2Fv2%2Fcategories&post=8674"},{"taxonomy":"post_tag","embeddable":true,"href":"https:\/\/fedetenismurcia.com\/index.php?rest_route=%2Fwp%2Fv2%2Ftags&post=8674"}],"curies":[{"name":"wp","href":"https:\/\/api.w.org\/{rel}","templated":true}]}}