{"id":8713,"date":"2025-01-26T18:54:49","date_gmt":"2025-01-26T17:54:49","guid":{"rendered":"https:\/\/fedetenismurcia.com\/?p=8713"},"modified":"2025-01-26T18:54:49","modified_gmt":"2025-01-26T17:54:49","slug":"abierto-el-plazo-de-inscripcion-para-el-li-circuito-promesas-ftrm","status":"publish","type":"post","link":"https:\/\/fedetenismurcia.com\/?p=8713","title":{"rendered":"Abierto el plazo de inscripci\u00f3n para el LI CIRCUITO PROMESAS FTRM"},"content":{"rendered":"<p><span style=\"font-family: arial, helvetica, sans-serif;\">La edici\u00f3n n\u00famero 51 del Circuito Promesas de la Federaci\u00f3n de Tenis de la Regi\u00f3n de Murcia ya se ha puesto en marcha. A partir del 22 de Febrero, el Club Deportivo Cordillera y el Yecla Club de Tenis, ser\u00e1n los encargados de albergar la primera fase del Circuito m\u00e1s veteranos de nuestra Federaci\u00f3n y tambi\u00e9n a nivel nacional.<\/span><\/p>\n<p><span style=\"font-family: arial, helvetica, sans-serif;\">Las categor\u00edas a disputar son benjam\u00edn, alev\u00edn, infantil, cadete y sub23 tanto masculino como femenino. Ser\u00e1n 12 clubes de la Regi\u00f3n los que durante 3 meses alberguen sus instalaciones este Circuito. El master final se disputar\u00e1 en la Real Sociedad Club de Campo de Murcia. El Circuito Promesas ser\u00e1 puntuable tambi\u00e9n para el nuevo<strong><span style=\"color: #0000ff;\"> <a style=\"color: #0000ff;\" href=\"https:\/\/fedetenismurcia.com\/circuito-bai\/\" target=\"_blank\" rel=\"noopener\">Circuito BAI<\/a> <\/span><\/strong>de la Federaci\u00f3n de Tenis de la Regi\u00f3n de Murcia y para el ranking nacional de la Real Federaci\u00f3n Espa\u00f1ola de Tenis.\u00a0<\/span><\/p>\n<p><span style=\"font-family: arial, helvetica, sans-serif;\">Como novedad en esta edici\u00f3n, se establece el formato de Round Robin para el Master Final . Todos los jugadores\/as inscritos tendr\u00e1n una camiseta de regalo. Los premios y material deportivo a los mejores clasificados\/as del Circuito, se entregar\u00e1n en el Master Final en la Real Sociedad Club de Campo.\u00a0<\/span><\/p>\n<p><span style=\"font-family: arial, helvetica, sans-serif;\">La fecha l\u00edmite de inscripci\u00f3n al Circuito Completo finalizar\u00e1 el <strong><span style=\"color: #ff0000;\">jueves 13 de febrero de 2025 a las 16 horas<\/span><\/strong>. Toda la informaci\u00f3n se encuentra disponible en la secci\u00f3n del <strong><span style=\"color: #0000ff;\"><a style=\"color: #0000ff;\" href=\"https:\/\/fedetenismurcia.com\/circuito-promesas\/\" target=\"_blank\" rel=\"noopener\">Circuito Promesas<\/a><\/span><\/strong><\/span><\/p>\n<p>&nbsp;<\/p>\n","protected":false},"excerpt":{"rendered":"<p>La edici\u00f3n n\u00famero 51 del Circuito Promesas de la Federaci\u00f3n de Tenis de la Regi\u00f3n de Murcia ya se ha puesto en marcha. A partir del 22 de Febrero, el&#8230;<\/p>\n","protected":false},"author":1,"featured_media":0,"comment_status":"closed","ping_status":"closed","sticky":false,"template":"","format":"standard","meta":{"footnotes":""},"categories":[1],"tags":[],"class_list":["post-8713","post","type-post","status-publish","format-standard","category-sin-categoria"],"featured_media_src":null,"excerpt_plain":"La edici\u00f3n n\u00famero 51 del Circuito Promesas de la Federaci\u00f3n de Tenis de la Regi\u00f3n de Murcia ya se ha...","_links":{"self":[{"href":"https:\/\/fedetenismurcia.com\/index.php?rest_route=\/wp\/v2\/posts\/8713","targetHints":{"allow":["GET"]}}],"collection":[{"href":"https:\/\/fedetenismurcia.com\/index.php?rest_route=\/wp\/v2\/posts"}],"about":[{"href":"https:\/\/fedetenismurcia.com\/index.php?rest_route=\/wp\/v2\/types\/post"}],"author":[{"embeddable":true,"href":"https:\/\/fedetenismurcia.com\/index.php?rest_route=\/wp\/v2\/users\/1"}],"replies":[{"embeddable":true,"href":"https:\/\/fedetenismurcia.com\/index.php?rest_route=%2Fwp%2Fv2%2Fcomments&post=8713"}],"version-history":[{"count":0,"href":"https:\/\/fedetenismurcia.com\/index.php?rest_route=\/wp\/v2\/posts\/8713\/revisions"}],"wp:attachment":[{"href":"https:\/\/fedetenismurcia.com\/index.php?rest_route=%2Fwp%2Fv2%2Fmedia&parent=8713"}],"wp:term":[{"taxonomy":"category","embeddable":true,"href":"https:\/\/fedetenismurcia.com\/index.php?rest_route=%2Fwp%2Fv2%2Fcategories&post=8713"},{"taxonomy":"post_tag","embeddable":true,"href":"https:\/\/fedetenismurcia.com\/index.php?rest_route=%2Fwp%2Fv2%2Ftags&post=8713"}],"curies":[{"name":"wp","href":"https:\/\/api.w.org\/{rel}","templated":true}]}}