{"id":8887,"date":"2025-03-10T21:07:53","date_gmt":"2025-03-10T20:07:53","guid":{"rendered":"https:\/\/fedetenismurcia.com\/?p=8887"},"modified":"2025-03-10T21:07:53","modified_gmt":"2025-03-10T20:07:53","slug":"programa-prevenir-desde-el-deporte","status":"publish","type":"post","link":"https:\/\/fedetenismurcia.com\/?p=8887","title":{"rendered":"Programa &#8220;Prevenir desde el Deporte&#8221;"},"content":{"rendered":"<p><span style=\"font-family: arial, helvetica, sans-serif;\">La Federaci\u00f3n de Tenis de la Regi\u00f3n de Murcia, participa en el programa &#8220;Prevenir desde el Deporte&#8221;, una iniciativa conjunta de la Concejal\u00eda de Bienestar Social, Familia y Salud y la Concejal\u00eda de Educaci\u00f3n y Atenci\u00f3n a la Ciudadan\u00eda, cofinanciada por el Ayuntamiento de Murcia y el Plan Nacional de Drogas.<\/span><\/p>\n<p><span style=\"font-family: arial, helvetica, sans-serif;\">Este programa, que dar\u00e1 comienzo el pr\u00f3ximo 8 de marzo de 2025, tiene como objetivo fundamental fomentar la actividad deportiva como una alternativa de ocio saludable para ni\u00f1os y j\u00f3venes de 7 a 17 a\u00f1os en nuestro municipio, contribuyendo as\u00ed a la prevenci\u00f3n de adicciones.<\/span><\/p>\n<p><span style=\"font-family: arial, helvetica, sans-serif;\"><strong><span style=\"color: #1b1c1d;\"><span style=\"font-size: medium;\"><b>El programa se desarrollar\u00e1 todos los s\u00e1bados desde el\u00a0<\/b><\/span><\/span><\/strong><strong><span style=\"color: #1b1c1d;\"><span style=\"font-size: medium;\"><b>8<\/b><\/span><\/span><\/strong><strong><span style=\"color: #1b1c1d;\"><span style=\"font-size: medium;\"><b>\u00a0de marzo hasta el\u00a0<\/b><\/span><\/span><\/strong><strong><span style=\"color: #1b1c1d;\"><span style=\"font-size: medium;\"><b>21<\/b><\/span><\/span><\/strong><strong><span style=\"color: #1b1c1d;\"><span style=\"font-size: medium;\"><b> de junio de 2025, en horario de 9:30 a 13:30 horas con los siguientes turnos:<\/b><\/span><\/span><\/strong><\/span><\/p>\n<div>\n<ul>\n<li><span style=\"color: #000000; font-family: arial, helvetica, sans-serif;\">&#8211; 9:30h a 11:30h\u00a0\u2192 Para j\u00f3venes de\u00a07 a 11 a\u00f1os<\/span><\/li>\n<li><span style=\"color: #000000; font-family: arial, helvetica, sans-serif;\">&#8211; 11:30h a 13:30h\u00a0\u2192 Para j\u00f3venes de\u00a012 a 16 a\u00f1os<\/span><\/li>\n<\/ul>\n<p><span style=\"font-family: arial, helvetica, sans-serif;\">Las instalaciones donde se desarrollan la actividad son el Polideportivo Municipal de Guadalupe y el Polideportivo Municipal de el Raal.<\/span><\/p>\n<p><span style=\"font-family: arial, helvetica, sans-serif;\">Toda la informaci\u00f3n e inscripci\u00f3n\u00a0 puede consultar y\u00a0 realizar en:\u00a0<a href=\"https:\/\/prevencion-adicciones-murcia.es\/\" target=\"_blank\" rel=\"noopener noreferrer\">https:\/\/prevencion-adicciones-murcia.es\/<\/a><\/span><\/p>\n<\/div>\n<p><a href=\"https:\/\/fedetenismurcia.com\/wp-content\/uploads\/2020\/documentos\/imagenes\/noticias\/cartel%20prevenci%C3%B3n.jpg?_t=1741636707\"><img loading=\"lazy\" decoding=\"async\" class=\"aligncenter \" src=\"https:\/\/fedetenismurcia.com\/wp-content\/uploads\/2020\/documentos\/imagenes\/noticias\/cartel%20prevenci%C3%B3n.jpg?_t=1741636707\" width=\"507\" height=\"719\" \/><\/a><\/p>\n","protected":false},"excerpt":{"rendered":"<p>La Federaci\u00f3n de Tenis de la Regi\u00f3n de Murcia, participa en el programa &#8220;Prevenir desde el Deporte&#8221;, una iniciativa conjunta de la Concejal\u00eda de Bienestar Social, Familia y Salud y&#8230;<\/p>\n","protected":false},"author":1,"featured_media":0,"comment_status":"closed","ping_status":"closed","sticky":false,"template":"","format":"standard","meta":{"footnotes":""},"categories":[38],"tags":[],"class_list":["post-8887","post","type-post","status-publish","format-standard","category-institucional"],"featured_media_src":null,"excerpt_plain":"La Federaci\u00f3n de Tenis de la Regi\u00f3n de Murcia, participa en el programa &#8220;Prevenir desde el Deporte&#8221;, una iniciativa conjunta...","_links":{"self":[{"href":"https:\/\/fedetenismurcia.com\/index.php?rest_route=\/wp\/v2\/posts\/8887","targetHints":{"allow":["GET"]}}],"collection":[{"href":"https:\/\/fedetenismurcia.com\/index.php?rest_route=\/wp\/v2\/posts"}],"about":[{"href":"https:\/\/fedetenismurcia.com\/index.php?rest_route=\/wp\/v2\/types\/post"}],"author":[{"embeddable":true,"href":"https:\/\/fedetenismurcia.com\/index.php?rest_route=\/wp\/v2\/users\/1"}],"replies":[{"embeddable":true,"href":"https:\/\/fedetenismurcia.com\/index.php?rest_route=%2Fwp%2Fv2%2Fcomments&post=8887"}],"version-history":[{"count":0,"href":"https:\/\/fedetenismurcia.com\/index.php?rest_route=\/wp\/v2\/posts\/8887\/revisions"}],"wp:attachment":[{"href":"https:\/\/fedetenismurcia.com\/index.php?rest_route=%2Fwp%2Fv2%2Fmedia&parent=8887"}],"wp:term":[{"taxonomy":"category","embeddable":true,"href":"https:\/\/fedetenismurcia.com\/index.php?rest_route=%2Fwp%2Fv2%2Fcategories&post=8887"},{"taxonomy":"post_tag","embeddable":true,"href":"https:\/\/fedetenismurcia.com\/index.php?rest_route=%2Fwp%2Fv2%2Ftags&post=8887"}],"curies":[{"name":"wp","href":"https:\/\/api.w.org\/{rel}","templated":true}]}}